{"id":1158,"date":"2024-01-10T11:10:47","date_gmt":"2024-01-10T11:10:47","guid":{"rendered":"https:\/\/rastimozajedno.tv\/?p=1158"},"modified":"2025-01-30T19:12:44","modified_gmt":"2025-01-30T19:12:44","slug":"kulturni-sadrzaji-za-decu-i-mlade","status":"publish","type":"post","link":"https:\/\/rastimozajedno.tv\/en\/kulturni-sadrzaji-za-decu-i-mlade\/","title":{"rendered":"CULTURAL CONTENT FOR CHILDREN AND YOUTH"},"content":{"rendered":"<p>On Radio Belgrade, in the program hosted by Ljubica Krminac, we discussed cultural content for children and young people.<\/p>\n\n\n\n<p>Who produces such content, how is it disseminated, and what is the involment of institutional system versus cultural institution and individuals?<\/p>\n\n\n\n<p>Dr. Ma\u0161a Vukanovi\u0107, researcher at the Institute for the Study of Cultural Development;<\/p>\n\n\n\n<p>Dijana Tepavac, president of the E.B. Assitej Srbija, Association for the Development of Theater for Children and Youth;<\/p>\n\n\n\n<p>Vi\u0161nja Bradonji\u0107, program coordinator fot the Let\u2019s grow together festival;<\/p>\n\n\n\n<p>Aleksandar Petrovi\u0107, editor in the Educational Program for Children, Youth and Families at Radio Belgrade 1<\/p>\n\n\n\n<span class=\"CyrLatIgnore\"><p><a href=\"https:\/\/www.rts.rs\/radio\/radio-beograd-2\/5323790\/kulturni-sadrzaji-za-decu-i-mlade.html\" target=\"_blank\" rel=\"noreferrer noopener\">https:\/\/www.rts.rs\/radio\/radio-beograd-2\/5323790\/kulturni-sadrzaji-za-decu-i-mlade.html<\/a><\/p><\/span>","protected":false},"excerpt":{"rendered":"<p>Na Radio Beogradu, u emisiji Ljubice Krminac, razgovarali smo o kulturnim sadr\u017eajima za decu i mlade. Ko produkuje ovakve sadr\u017eaje, kako su plasirani, koliko je u\u010de\u0161\u0107e institucija sistema, a koliko ustanova kulture i pojedinaca? Dr Ma\u0161a Vukanovi\u0107, istra\u017eiva\u010d u Zavodu za prou\u010davanje kulturnog razvitka; Dijana Tepavac, predsednica I.O.Asite\u017e za Srbiju, Udru\u017eenja za razvoj pozori\u0161ta za [&hellip;]<\/p>","protected":false},"author":1,"featured_media":1150,"comment_status":"closed","ping_status":"closed","sticky":false,"template":"","format":"standard","meta":{"_acf_changed":false,"footnotes":""},"categories":[1],"tags":[],"class_list":["post-1158","post","type-post","status-publish","format-standard","has-post-thumbnail","hentry","category-uncategorized"],"acf":[],"yoast_head":"<!-- This site is optimized with the Yoast SEO plugin v23.6 - https:\/\/yoast.com\/wordpress\/plugins\/seo\/ -->\n<title>KULTURNI SADR\u017dAJI ZA DECU I MLADE - Rastimo zajedno<\/title>\n<meta name=\"robots\" content=\"index, follow, max-snippet:-1, max-image-preview:large, max-video-preview:-1\" \/>\n<link rel=\"canonical\" href=\"https:\/\/rastimozajedno.tv\/en\/kulturni-sadrzaji-za-decu-i-mlade\/\" \/>\n<meta property=\"og:locale\" content=\"en_US\" \/>\n<meta property=\"og:type\" content=\"article\" \/>\n<meta property=\"og:title\" content=\"KULTURNI SADR\u017dAJI ZA DECU I MLADE - Rastimo zajedno\" \/>\n<meta property=\"og:description\" content=\"Na Radio Beogradu, u emisiji Ljubice Krminac, razgovarali smo o kulturnim sadr\u017eajima za decu i mlade. Ko produkuje ovakve sadr\u017eaje, kako su plasirani, koliko je u\u010de\u0161\u0107e institucija sistema, a koliko ustanova kulture i pojedinaca? Dr Ma\u0161a Vukanovi\u0107, istra\u017eiva\u010d u Zavodu za prou\u010davanje kulturnog razvitka; Dijana Tepavac, predsednica I.O.Asite\u017e za Srbiju, Udru\u017eenja za razvoj pozori\u0161ta za [&hellip;]\" \/>\n<meta property=\"og:url\" content=\"https:\/\/rastimozajedno.tv\/en\/kulturni-sadrzaji-za-decu-i-mlade\/\" \/>\n<meta property=\"og:site_name\" content=\"Rastimo zajedno\" \/>\n<meta property=\"article:published_time\" content=\"2024-01-10T11:10:47+00:00\" \/>\n<meta property=\"article:modified_time\" content=\"2025-01-30T19:12:44+00:00\" \/>\n<meta property=\"og:image\" content=\"https:\/\/rastimozajedno.tv\/wp-content\/uploads\/2023\/12\/RASTIMO-ZAJEDNO_TT_profile-photo.png\" \/>\n\t<meta property=\"og:image:width\" content=\"700\" \/>\n\t<meta property=\"og:image:height\" content=\"700\" \/>\n\t<meta property=\"og:image:type\" content=\"image\/png\" \/>\n<meta name=\"author\" content=\"webiteRocks\" \/>\n<meta name=\"twitter:card\" content=\"summary_large_image\" \/>\n<meta name=\"twitter:label1\" content=\"Written by\" \/>\n\t<meta name=\"twitter:data1\" content=\"webiteRocks\" \/>\n\t<meta name=\"twitter:label2\" content=\"Est. reading time\" \/>\n\t<meta name=\"twitter:data2\" content=\"1 minute\" \/>\n<script type=\"application\/ld+json\" class=\"yoast-schema-graph\">{\"@context\":\"https:\/\/schema.org\",\"@graph\":[{\"@type\":\"WebPage\",\"@id\":\"https:\/\/rastimozajedno.tv\/kulturni-sadrzaji-za-decu-i-mlade\/\",\"url\":\"https:\/\/rastimozajedno.tv\/kulturni-sadrzaji-za-decu-i-mlade\/\",\"name\":\"KULTURNI SADR\u017dAJI ZA DECU I MLADE - Rastimo zajedno\",\"isPartOf\":{\"@id\":\"https:\/\/rastimozajedno.tv\/#website\"},\"primaryImageOfPage\":{\"@id\":\"https:\/\/rastimozajedno.tv\/kulturni-sadrzaji-za-decu-i-mlade\/#primaryimage\"},\"image\":{\"@id\":\"https:\/\/rastimozajedno.tv\/kulturni-sadrzaji-za-decu-i-mlade\/#primaryimage\"},\"thumbnailUrl\":\"https:\/\/rastimozajedno.tv\/wp-content\/uploads\/2023\/12\/RASTIMO-ZAJEDNO_TT_profile-photo-e1764976381558.png\",\"datePublished\":\"2024-01-10T11:10:47+00:00\",\"dateModified\":\"2025-01-30T19:12:44+00:00\",\"author\":{\"@id\":\"https:\/\/rastimozajedno.tv\/#\/schema\/person\/917ae173008ee1a1087a2c40002497f1\"},\"breadcrumb\":{\"@id\":\"https:\/\/rastimozajedno.tv\/kulturni-sadrzaji-za-decu-i-mlade\/#breadcrumb\"},\"inLanguage\":\"en-US\",\"potentialAction\":[{\"@type\":\"ReadAction\",\"target\":[\"https:\/\/rastimozajedno.tv\/kulturni-sadrzaji-za-decu-i-mlade\/\"]}]},{\"@type\":\"ImageObject\",\"inLanguage\":\"en-US\",\"@id\":\"https:\/\/rastimozajedno.tv\/kulturni-sadrzaji-za-decu-i-mlade\/#primaryimage\",\"url\":\"https:\/\/rastimozajedno.tv\/wp-content\/uploads\/2023\/12\/RASTIMO-ZAJEDNO_TT_profile-photo-e1764976381558.png\",\"contentUrl\":\"https:\/\/rastimozajedno.tv\/wp-content\/uploads\/2023\/12\/RASTIMO-ZAJEDNO_TT_profile-photo-e1764976381558.png\",\"width\":500,\"height\":500},{\"@type\":\"BreadcrumbList\",\"@id\":\"https:\/\/rastimozajedno.tv\/kulturni-sadrzaji-za-decu-i-mlade\/#breadcrumb\",\"itemListElement\":[{\"@type\":\"ListItem\",\"position\":1,\"name\":\"Home\",\"item\":\"https:\/\/rastimozajedno.tv\/\"},{\"@type\":\"ListItem\",\"position\":2,\"name\":\"KULTURNI SADR\u017dAJI ZA DECU I MLADE\"}]},{\"@type\":\"WebSite\",\"@id\":\"https:\/\/rastimozajedno.tv\/#website\",\"url\":\"https:\/\/rastimozajedno.tv\/\",\"name\":\"Rastimo zajedno\",\"description\":\"Evropski festival televizijskog stvarala\u0161tva za decu\",\"potentialAction\":[{\"@type\":\"SearchAction\",\"target\":{\"@type\":\"EntryPoint\",\"urlTemplate\":\"https:\/\/rastimozajedno.tv\/?s={search_term_string}\"},\"query-input\":{\"@type\":\"PropertyValueSpecification\",\"valueRequired\":true,\"valueName\":\"search_term_string\"}}],\"inLanguage\":\"en-US\"},{\"@type\":\"Person\",\"@id\":\"https:\/\/rastimozajedno.tv\/#\/schema\/person\/917ae173008ee1a1087a2c40002497f1\",\"name\":\"webiteRocks\",\"image\":{\"@type\":\"ImageObject\",\"inLanguage\":\"en-US\",\"@id\":\"https:\/\/rastimozajedno.tv\/#\/schema\/person\/image\/\",\"url\":\"https:\/\/secure.gravatar.com\/avatar\/3c00a579c6169502164b65946b904861ab406539cb0e23397bdddfcdb9aca7ce?s=96&d=mm&r=g\",\"contentUrl\":\"https:\/\/secure.gravatar.com\/avatar\/3c00a579c6169502164b65946b904861ab406539cb0e23397bdddfcdb9aca7ce?s=96&d=mm&r=g\",\"caption\":\"webiteRocks\"},\"sameAs\":[\"https:\/\/rastimozajedno.webite.us\"],\"url\":\"https:\/\/rastimozajedno.tv\/en\/author\/webiterocks\/\"}]}<\/script>\n<!-- \/ Yoast SEO plugin. -->","yoast_head_json":{"title":"KULTURNI SADR\u017dAJI ZA DECU I MLADE - Rastimo zajedno","robots":{"index":"index","follow":"follow","max-snippet":"max-snippet:-1","max-image-preview":"max-image-preview:large","max-video-preview":"max-video-preview:-1"},"canonical":"https:\/\/rastimozajedno.tv\/en\/kulturni-sadrzaji-za-decu-i-mlade\/","og_locale":"en_US","og_type":"article","og_title":"KULTURNI SADR\u017dAJI ZA DECU I MLADE - Rastimo zajedno","og_description":"Na Radio Beogradu, u emisiji Ljubice Krminac, razgovarali smo o kulturnim sadr\u017eajima za decu i mlade. Ko produkuje ovakve sadr\u017eaje, kako su plasirani, koliko je u\u010de\u0161\u0107e institucija sistema, a koliko ustanova kulture i pojedinaca? Dr Ma\u0161a Vukanovi\u0107, istra\u017eiva\u010d u Zavodu za prou\u010davanje kulturnog razvitka; Dijana Tepavac, predsednica I.O.Asite\u017e za Srbiju, Udru\u017eenja za razvoj pozori\u0161ta za [&hellip;]","og_url":"https:\/\/rastimozajedno.tv\/en\/kulturni-sadrzaji-za-decu-i-mlade\/","og_site_name":"Rastimo zajedno","article_published_time":"2024-01-10T11:10:47+00:00","article_modified_time":"2025-01-30T19:12:44+00:00","og_image":[{"width":700,"height":700,"url":"https:\/\/rastimozajedno.tv\/wp-content\/uploads\/2023\/12\/RASTIMO-ZAJEDNO_TT_profile-photo.png","type":"image\/png"}],"author":"webiteRocks","twitter_card":"summary_large_image","twitter_misc":{"Written by":"webiteRocks","Est. reading time":"1 minute"},"schema":{"@context":"https:\/\/schema.org","@graph":[{"@type":"WebPage","@id":"https:\/\/rastimozajedno.tv\/kulturni-sadrzaji-za-decu-i-mlade\/","url":"https:\/\/rastimozajedno.tv\/kulturni-sadrzaji-za-decu-i-mlade\/","name":"KULTURNI SADR\u017dAJI ZA DECU I MLADE - Rastimo zajedno","isPartOf":{"@id":"https:\/\/rastimozajedno.tv\/#website"},"primaryImageOfPage":{"@id":"https:\/\/rastimozajedno.tv\/kulturni-sadrzaji-za-decu-i-mlade\/#primaryimage"},"image":{"@id":"https:\/\/rastimozajedno.tv\/kulturni-sadrzaji-za-decu-i-mlade\/#primaryimage"},"thumbnailUrl":"https:\/\/rastimozajedno.tv\/wp-content\/uploads\/2023\/12\/RASTIMO-ZAJEDNO_TT_profile-photo-e1764976381558.png","datePublished":"2024-01-10T11:10:47+00:00","dateModified":"2025-01-30T19:12:44+00:00","author":{"@id":"https:\/\/rastimozajedno.tv\/#\/schema\/person\/917ae173008ee1a1087a2c40002497f1"},"breadcrumb":{"@id":"https:\/\/rastimozajedno.tv\/kulturni-sadrzaji-za-decu-i-mlade\/#breadcrumb"},"inLanguage":"en-US","potentialAction":[{"@type":"ReadAction","target":["https:\/\/rastimozajedno.tv\/kulturni-sadrzaji-za-decu-i-mlade\/"]}]},{"@type":"ImageObject","inLanguage":"en-US","@id":"https:\/\/rastimozajedno.tv\/kulturni-sadrzaji-za-decu-i-mlade\/#primaryimage","url":"https:\/\/rastimozajedno.tv\/wp-content\/uploads\/2023\/12\/RASTIMO-ZAJEDNO_TT_profile-photo-e1764976381558.png","contentUrl":"https:\/\/rastimozajedno.tv\/wp-content\/uploads\/2023\/12\/RASTIMO-ZAJEDNO_TT_profile-photo-e1764976381558.png","width":500,"height":500},{"@type":"BreadcrumbList","@id":"https:\/\/rastimozajedno.tv\/kulturni-sadrzaji-za-decu-i-mlade\/#breadcrumb","itemListElement":[{"@type":"ListItem","position":1,"name":"Home","item":"https:\/\/rastimozajedno.tv\/"},{"@type":"ListItem","position":2,"name":"KULTURNI SADR\u017dAJI ZA DECU I MLADE"}]},{"@type":"WebSite","@id":"https:\/\/rastimozajedno.tv\/#website","url":"https:\/\/rastimozajedno.tv\/","name":"Rastimo zajedno","description":"Evropski festival televizijskog stvarala\u0161tva za decu","potentialAction":[{"@type":"SearchAction","target":{"@type":"EntryPoint","urlTemplate":"https:\/\/rastimozajedno.tv\/?s={search_term_string}"},"query-input":{"@type":"PropertyValueSpecification","valueRequired":true,"valueName":"search_term_string"}}],"inLanguage":"en-US"},{"@type":"Person","@id":"https:\/\/rastimozajedno.tv\/#\/schema\/person\/917ae173008ee1a1087a2c40002497f1","name":"webiteRocks","image":{"@type":"ImageObject","inLanguage":"en-US","@id":"https:\/\/rastimozajedno.tv\/#\/schema\/person\/image\/","url":"https:\/\/secure.gravatar.com\/avatar\/3c00a579c6169502164b65946b904861ab406539cb0e23397bdddfcdb9aca7ce?s=96&d=mm&r=g","contentUrl":"https:\/\/secure.gravatar.com\/avatar\/3c00a579c6169502164b65946b904861ab406539cb0e23397bdddfcdb9aca7ce?s=96&d=mm&r=g","caption":"webiteRocks"},"sameAs":["https:\/\/rastimozajedno.webite.us"],"url":"https:\/\/rastimozajedno.tv\/en\/author\/webiterocks\/"}]}},"_links":{"self":[{"href":"https:\/\/rastimozajedno.tv\/en\/wp-json\/wp\/v2\/posts\/1158","targetHints":{"allow":["GET"]}}],"collection":[{"href":"https:\/\/rastimozajedno.tv\/en\/wp-json\/wp\/v2\/posts"}],"about":[{"href":"https:\/\/rastimozajedno.tv\/en\/wp-json\/wp\/v2\/types\/post"}],"author":[{"embeddable":true,"href":"https:\/\/rastimozajedno.tv\/en\/wp-json\/wp\/v2\/users\/1"}],"replies":[{"embeddable":true,"href":"https:\/\/rastimozajedno.tv\/en\/wp-json\/wp\/v2\/comments?post=1158"}],"version-history":[{"count":7,"href":"https:\/\/rastimozajedno.tv\/en\/wp-json\/wp\/v2\/posts\/1158\/revisions"}],"predecessor-version":[{"id":1585,"href":"https:\/\/rastimozajedno.tv\/en\/wp-json\/wp\/v2\/posts\/1158\/revisions\/1585"}],"wp:featuredmedia":[{"embeddable":true,"href":"https:\/\/rastimozajedno.tv\/en\/wp-json\/wp\/v2\/media\/1150"}],"wp:attachment":[{"href":"https:\/\/rastimozajedno.tv\/en\/wp-json\/wp\/v2\/media?parent=1158"}],"wp:term":[{"taxonomy":"category","embeddable":true,"href":"https:\/\/rastimozajedno.tv\/en\/wp-json\/wp\/v2\/categories?post=1158"},{"taxonomy":"post_tag","embeddable":true,"href":"https:\/\/rastimozajedno.tv\/en\/wp-json\/wp\/v2\/tags?post=1158"}],"curies":[{"name":"wp","href":"https:\/\/api.w.org\/{rel}","templated":true}]}}