{"id":1163,"date":"2024-01-16T14:17:30","date_gmt":"2024-01-16T14:17:30","guid":{"rendered":"https:\/\/rastimozajedno.tv\/?p=1163"},"modified":"2025-01-30T18:53:12","modified_gmt":"2025-01-30T18:53:12","slug":"obrazovna-reportaza-redakcije-skolskog-programa","status":"publish","type":"post","link":"https:\/\/rastimozajedno.tv\/en\/obrazovna-reportaza-redakcije-skolskog-programa\/","title":{"rendered":"SCHOOL PROGRAM"},"content":{"rendered":"<p>The educational feature \u201cLet\u2019s Grow Together\u201d is dedicated to the events at the First European Festival of Television Creativity for Children.<\/p>\n\n\n\n<figure class=\"wp-block-embed is-type-video is-provider-youtube wp-block-embed-youtube wp-embed-aspect-16-9 wp-has-aspect-ratio\"><div class=\"wp-block-embed__wrapper\">\n<figure class=\"video-container\"><iframe loading=\"lazy\" title=\"Obrazovna reporta\u017ea: Rastimo zajedno\" width=\"500\" height=\"281\" src=\"https:\/\/www.youtube.com\/embed\/C-I1HlG0Nwk?feature=oembed\" frameborder=\"0\" allow=\"accelerometer; autoplay; clipboard-write; encrypted-media; gyroscope; picture-in-picture; web-share\" referrerpolicy=\"strict-origin-when-cross-origin\" allowfullscreen><\/iframe><\/figure>\n<\/div><\/figure>\n\n\n\n<p><\/p>\n\n\n\n<p>Editor: Bla\u017eenka Bijeli\u0107<\/p>\n\n\n\n<p>Screenwriter: Hristina Vasilijevi\u0107<\/p>\n\n\n\n<p>Director: Ivan Pecikoza<\/p>","protected":false},"excerpt":{"rendered":"<p>Obrazovna reporta\u017ea \u201eRastimo zajedno\u201c posve\u0107ena je de\u0161avanjima na Prvom evropskom festivalu televizijskog stvarala\u0161tva za decu. Urednik: Bla\u017eenka Bijeli\u0107 Scenario: Hristina Vasilijevi\u0107 Reditelj: Ivan Pecikoza<\/p>","protected":false},"author":1,"featured_media":1150,"comment_status":"closed","ping_status":"closed","sticky":false,"template":"","format":"standard","meta":{"_acf_changed":false,"footnotes":""},"categories":[1],"tags":[],"class_list":["post-1163","post","type-post","status-publish","format-standard","has-post-thumbnail","hentry","category-uncategorized"],"acf":[],"yoast_head":"<!-- This site is optimized with the Yoast SEO plugin v23.6 - https:\/\/yoast.com\/wordpress\/plugins\/seo\/ -->\n<title>OBRAZOVNA REPORTA\u017dA REDAKCIJE \u0160KOLSKOG PROGRAMA - Rastimo zajedno<\/title>\n<meta name=\"robots\" content=\"index, follow, max-snippet:-1, max-image-preview:large, max-video-preview:-1\" \/>\n<link rel=\"canonical\" href=\"https:\/\/rastimozajedno.tv\/en\/obrazovna-reportaza-redakcije-skolskog-programa\/\" \/>\n<meta property=\"og:locale\" content=\"en_US\" \/>\n<meta property=\"og:type\" content=\"article\" \/>\n<meta property=\"og:title\" content=\"OBRAZOVNA REPORTA\u017dA REDAKCIJE \u0160KOLSKOG PROGRAMA - Rastimo zajedno\" \/>\n<meta property=\"og:description\" content=\"Obrazovna reporta\u017ea \u201eRastimo zajedno\u201c posve\u0107ena je de\u0161avanjima na Prvom evropskom festivalu televizijskog stvarala\u0161tva za decu. Urednik: Bla\u017eenka Bijeli\u0107 Scenario: Hristina Vasilijevi\u0107 Reditelj: Ivan Pecikoza\" \/>\n<meta property=\"og:url\" content=\"https:\/\/rastimozajedno.tv\/en\/obrazovna-reportaza-redakcije-skolskog-programa\/\" \/>\n<meta property=\"og:site_name\" content=\"Rastimo zajedno\" \/>\n<meta property=\"article:published_time\" content=\"2024-01-16T14:17:30+00:00\" \/>\n<meta property=\"article:modified_time\" content=\"2025-01-30T18:53:12+00:00\" \/>\n<meta property=\"og:image\" content=\"https:\/\/rastimozajedno.tv\/wp-content\/uploads\/2023\/12\/RASTIMO-ZAJEDNO_TT_profile-photo.png\" \/>\n\t<meta property=\"og:image:width\" content=\"700\" \/>\n\t<meta property=\"og:image:height\" content=\"700\" \/>\n\t<meta property=\"og:image:type\" content=\"image\/png\" \/>\n<meta name=\"author\" content=\"webiteRocks\" \/>\n<meta name=\"twitter:card\" content=\"summary_large_image\" \/>\n<meta name=\"twitter:label1\" content=\"Written by\" \/>\n\t<meta name=\"twitter:data1\" content=\"webiteRocks\" \/>\n\t<meta name=\"twitter:label2\" content=\"Est. reading time\" \/>\n\t<meta name=\"twitter:data2\" content=\"1 minute\" \/>\n<script type=\"application\/ld+json\" class=\"yoast-schema-graph\">{\"@context\":\"https:\/\/schema.org\",\"@graph\":[{\"@type\":\"WebPage\",\"@id\":\"https:\/\/rastimozajedno.tv\/obrazovna-reportaza-redakcije-skolskog-programa\/\",\"url\":\"https:\/\/rastimozajedno.tv\/obrazovna-reportaza-redakcije-skolskog-programa\/\",\"name\":\"OBRAZOVNA REPORTA\u017dA REDAKCIJE \u0160KOLSKOG PROGRAMA - Rastimo zajedno\",\"isPartOf\":{\"@id\":\"https:\/\/rastimozajedno.tv\/#website\"},\"primaryImageOfPage\":{\"@id\":\"https:\/\/rastimozajedno.tv\/obrazovna-reportaza-redakcije-skolskog-programa\/#primaryimage\"},\"image\":{\"@id\":\"https:\/\/rastimozajedno.tv\/obrazovna-reportaza-redakcije-skolskog-programa\/#primaryimage\"},\"thumbnailUrl\":\"https:\/\/rastimozajedno.tv\/wp-content\/uploads\/2023\/12\/RASTIMO-ZAJEDNO_TT_profile-photo-e1764976381558.png\",\"datePublished\":\"2024-01-16T14:17:30+00:00\",\"dateModified\":\"2025-01-30T18:53:12+00:00\",\"author\":{\"@id\":\"https:\/\/rastimozajedno.tv\/#\/schema\/person\/917ae173008ee1a1087a2c40002497f1\"},\"breadcrumb\":{\"@id\":\"https:\/\/rastimozajedno.tv\/obrazovna-reportaza-redakcije-skolskog-programa\/#breadcrumb\"},\"inLanguage\":\"en-US\",\"potentialAction\":[{\"@type\":\"ReadAction\",\"target\":[\"https:\/\/rastimozajedno.tv\/obrazovna-reportaza-redakcije-skolskog-programa\/\"]}]},{\"@type\":\"ImageObject\",\"inLanguage\":\"en-US\",\"@id\":\"https:\/\/rastimozajedno.tv\/obrazovna-reportaza-redakcije-skolskog-programa\/#primaryimage\",\"url\":\"https:\/\/rastimozajedno.tv\/wp-content\/uploads\/2023\/12\/RASTIMO-ZAJEDNO_TT_profile-photo-e1764976381558.png\",\"contentUrl\":\"https:\/\/rastimozajedno.tv\/wp-content\/uploads\/2023\/12\/RASTIMO-ZAJEDNO_TT_profile-photo-e1764976381558.png\",\"width\":500,\"height\":500},{\"@type\":\"BreadcrumbList\",\"@id\":\"https:\/\/rastimozajedno.tv\/obrazovna-reportaza-redakcije-skolskog-programa\/#breadcrumb\",\"itemListElement\":[{\"@type\":\"ListItem\",\"position\":1,\"name\":\"Home\",\"item\":\"https:\/\/rastimozajedno.tv\/\"},{\"@type\":\"ListItem\",\"position\":2,\"name\":\"OBRAZOVNA REPORTA\u017dA REDAKCIJE \u0160KOLSKOG PROGRAMA\"}]},{\"@type\":\"WebSite\",\"@id\":\"https:\/\/rastimozajedno.tv\/#website\",\"url\":\"https:\/\/rastimozajedno.tv\/\",\"name\":\"Rastimo zajedno\",\"description\":\"Evropski festival televizijskog stvarala\u0161tva za decu\",\"potentialAction\":[{\"@type\":\"SearchAction\",\"target\":{\"@type\":\"EntryPoint\",\"urlTemplate\":\"https:\/\/rastimozajedno.tv\/?s={search_term_string}\"},\"query-input\":{\"@type\":\"PropertyValueSpecification\",\"valueRequired\":true,\"valueName\":\"search_term_string\"}}],\"inLanguage\":\"en-US\"},{\"@type\":\"Person\",\"@id\":\"https:\/\/rastimozajedno.tv\/#\/schema\/person\/917ae173008ee1a1087a2c40002497f1\",\"name\":\"webiteRocks\",\"image\":{\"@type\":\"ImageObject\",\"inLanguage\":\"en-US\",\"@id\":\"https:\/\/rastimozajedno.tv\/#\/schema\/person\/image\/\",\"url\":\"https:\/\/secure.gravatar.com\/avatar\/3c00a579c6169502164b65946b904861ab406539cb0e23397bdddfcdb9aca7ce?s=96&d=mm&r=g\",\"contentUrl\":\"https:\/\/secure.gravatar.com\/avatar\/3c00a579c6169502164b65946b904861ab406539cb0e23397bdddfcdb9aca7ce?s=96&d=mm&r=g\",\"caption\":\"webiteRocks\"},\"sameAs\":[\"https:\/\/rastimozajedno.webite.us\"],\"url\":\"https:\/\/rastimozajedno.tv\/en\/author\/webiterocks\/\"}]}<\/script>\n<!-- \/ Yoast SEO plugin. -->","yoast_head_json":{"title":"OBRAZOVNA REPORTA\u017dA REDAKCIJE \u0160KOLSKOG PROGRAMA - Rastimo zajedno","robots":{"index":"index","follow":"follow","max-snippet":"max-snippet:-1","max-image-preview":"max-image-preview:large","max-video-preview":"max-video-preview:-1"},"canonical":"https:\/\/rastimozajedno.tv\/en\/obrazovna-reportaza-redakcije-skolskog-programa\/","og_locale":"en_US","og_type":"article","og_title":"OBRAZOVNA REPORTA\u017dA REDAKCIJE \u0160KOLSKOG PROGRAMA - Rastimo zajedno","og_description":"Obrazovna reporta\u017ea \u201eRastimo zajedno\u201c posve\u0107ena je de\u0161avanjima na Prvom evropskom festivalu televizijskog stvarala\u0161tva za decu. Urednik: Bla\u017eenka Bijeli\u0107 Scenario: Hristina Vasilijevi\u0107 Reditelj: Ivan Pecikoza","og_url":"https:\/\/rastimozajedno.tv\/en\/obrazovna-reportaza-redakcije-skolskog-programa\/","og_site_name":"Rastimo zajedno","article_published_time":"2024-01-16T14:17:30+00:00","article_modified_time":"2025-01-30T18:53:12+00:00","og_image":[{"width":700,"height":700,"url":"https:\/\/rastimozajedno.tv\/wp-content\/uploads\/2023\/12\/RASTIMO-ZAJEDNO_TT_profile-photo.png","type":"image\/png"}],"author":"webiteRocks","twitter_card":"summary_large_image","twitter_misc":{"Written by":"webiteRocks","Est. reading time":"1 minute"},"schema":{"@context":"https:\/\/schema.org","@graph":[{"@type":"WebPage","@id":"https:\/\/rastimozajedno.tv\/obrazovna-reportaza-redakcije-skolskog-programa\/","url":"https:\/\/rastimozajedno.tv\/obrazovna-reportaza-redakcije-skolskog-programa\/","name":"OBRAZOVNA REPORTA\u017dA REDAKCIJE \u0160KOLSKOG PROGRAMA - Rastimo zajedno","isPartOf":{"@id":"https:\/\/rastimozajedno.tv\/#website"},"primaryImageOfPage":{"@id":"https:\/\/rastimozajedno.tv\/obrazovna-reportaza-redakcije-skolskog-programa\/#primaryimage"},"image":{"@id":"https:\/\/rastimozajedno.tv\/obrazovna-reportaza-redakcije-skolskog-programa\/#primaryimage"},"thumbnailUrl":"https:\/\/rastimozajedno.tv\/wp-content\/uploads\/2023\/12\/RASTIMO-ZAJEDNO_TT_profile-photo-e1764976381558.png","datePublished":"2024-01-16T14:17:30+00:00","dateModified":"2025-01-30T18:53:12+00:00","author":{"@id":"https:\/\/rastimozajedno.tv\/#\/schema\/person\/917ae173008ee1a1087a2c40002497f1"},"breadcrumb":{"@id":"https:\/\/rastimozajedno.tv\/obrazovna-reportaza-redakcije-skolskog-programa\/#breadcrumb"},"inLanguage":"en-US","potentialAction":[{"@type":"ReadAction","target":["https:\/\/rastimozajedno.tv\/obrazovna-reportaza-redakcije-skolskog-programa\/"]}]},{"@type":"ImageObject","inLanguage":"en-US","@id":"https:\/\/rastimozajedno.tv\/obrazovna-reportaza-redakcije-skolskog-programa\/#primaryimage","url":"https:\/\/rastimozajedno.tv\/wp-content\/uploads\/2023\/12\/RASTIMO-ZAJEDNO_TT_profile-photo-e1764976381558.png","contentUrl":"https:\/\/rastimozajedno.tv\/wp-content\/uploads\/2023\/12\/RASTIMO-ZAJEDNO_TT_profile-photo-e1764976381558.png","width":500,"height":500},{"@type":"BreadcrumbList","@id":"https:\/\/rastimozajedno.tv\/obrazovna-reportaza-redakcije-skolskog-programa\/#breadcrumb","itemListElement":[{"@type":"ListItem","position":1,"name":"Home","item":"https:\/\/rastimozajedno.tv\/"},{"@type":"ListItem","position":2,"name":"OBRAZOVNA REPORTA\u017dA REDAKCIJE \u0160KOLSKOG PROGRAMA"}]},{"@type":"WebSite","@id":"https:\/\/rastimozajedno.tv\/#website","url":"https:\/\/rastimozajedno.tv\/","name":"Rastimo zajedno","description":"Evropski festival televizijskog stvarala\u0161tva za decu","potentialAction":[{"@type":"SearchAction","target":{"@type":"EntryPoint","urlTemplate":"https:\/\/rastimozajedno.tv\/?s={search_term_string}"},"query-input":{"@type":"PropertyValueSpecification","valueRequired":true,"valueName":"search_term_string"}}],"inLanguage":"en-US"},{"@type":"Person","@id":"https:\/\/rastimozajedno.tv\/#\/schema\/person\/917ae173008ee1a1087a2c40002497f1","name":"webiteRocks","image":{"@type":"ImageObject","inLanguage":"en-US","@id":"https:\/\/rastimozajedno.tv\/#\/schema\/person\/image\/","url":"https:\/\/secure.gravatar.com\/avatar\/3c00a579c6169502164b65946b904861ab406539cb0e23397bdddfcdb9aca7ce?s=96&d=mm&r=g","contentUrl":"https:\/\/secure.gravatar.com\/avatar\/3c00a579c6169502164b65946b904861ab406539cb0e23397bdddfcdb9aca7ce?s=96&d=mm&r=g","caption":"webiteRocks"},"sameAs":["https:\/\/rastimozajedno.webite.us"],"url":"https:\/\/rastimozajedno.tv\/en\/author\/webiterocks\/"}]}},"_links":{"self":[{"href":"https:\/\/rastimozajedno.tv\/en\/wp-json\/wp\/v2\/posts\/1163","targetHints":{"allow":["GET"]}}],"collection":[{"href":"https:\/\/rastimozajedno.tv\/en\/wp-json\/wp\/v2\/posts"}],"about":[{"href":"https:\/\/rastimozajedno.tv\/en\/wp-json\/wp\/v2\/types\/post"}],"author":[{"embeddable":true,"href":"https:\/\/rastimozajedno.tv\/en\/wp-json\/wp\/v2\/users\/1"}],"replies":[{"embeddable":true,"href":"https:\/\/rastimozajedno.tv\/en\/wp-json\/wp\/v2\/comments?post=1163"}],"version-history":[{"count":9,"href":"https:\/\/rastimozajedno.tv\/en\/wp-json\/wp\/v2\/posts\/1163\/revisions"}],"predecessor-version":[{"id":1567,"href":"https:\/\/rastimozajedno.tv\/en\/wp-json\/wp\/v2\/posts\/1163\/revisions\/1567"}],"wp:featuredmedia":[{"embeddable":true,"href":"https:\/\/rastimozajedno.tv\/en\/wp-json\/wp\/v2\/media\/1150"}],"wp:attachment":[{"href":"https:\/\/rastimozajedno.tv\/en\/wp-json\/wp\/v2\/media?parent=1163"}],"wp:term":[{"taxonomy":"category","embeddable":true,"href":"https:\/\/rastimozajedno.tv\/en\/wp-json\/wp\/v2\/categories?post=1163"},{"taxonomy":"post_tag","embeddable":true,"href":"https:\/\/rastimozajedno.tv\/en\/wp-json\/wp\/v2\/tags?post=1163"}],"curies":[{"name":"wp","href":"https:\/\/api.w.org\/{rel}","templated":true}]}}