{"id":1552,"date":"2025-01-30T17:22:33","date_gmt":"2025-01-30T17:22:33","guid":{"rendered":"https:\/\/rastimozajedno.tv\/?p=1552"},"modified":"2025-01-30T19:16:20","modified_gmt":"2025-01-30T19:16:20","slug":"1552-2","status":"publish","type":"post","link":"https:\/\/rastimozajedno.tv\/en\/1552-2\/","title":{"rendered":"November"},"content":{"rendered":"<p>The best jury in the world, made up of 61 elementary school children, declared the program <strong>The Forest Five <\/strong>as the best in the fierce competition among all submitted program entries. In explaining their decision, the jury emphasized that the children\u2019s TV show from Slovakia, with its unmistakably educational character, engages all the senses and encourages interaction.<\/p>\n\n\n\n<p><strong>The Forest Five \u2013 Episode: The Longest Throw<\/strong><strong>&nbsp;<\/strong>Today, in Misterija, a competition is being held to see who can throw colorful balls the farthest. However, measuring and comparing the throwing distances turns out to be quite a challenge. Igi comes up with a solution, but soon discovers that his throw wasn\u2019t the best and that he has lost the competition. The defeat makes him sad, but his friends help him realize that everyone is good at something different.<\/p>\n\n\n<div class=\"wp-block-image\">\n<figure class=\"aligncenter size-large\"><img loading=\"lazy\" decoding=\"async\" width=\"1024\" height=\"576\" src=\"https:\/\/rastimozajedno.tv\/wp-content\/uploads\/2025\/01\/Picture1-1024x576.png\" alt=\"\" class=\"wp-image-1554\" srcset=\"https:\/\/rastimozajedno.tv\/wp-content\/uploads\/2025\/01\/Picture1-1024x576.png 1024w, https:\/\/rastimozajedno.tv\/wp-content\/uploads\/2025\/01\/Picture1-300x169.png 300w, https:\/\/rastimozajedno.tv\/wp-content\/uploads\/2025\/01\/Picture1-768x432.png 768w, https:\/\/rastimozajedno.tv\/wp-content\/uploads\/2025\/01\/Picture1-18x10.png 18w, https:\/\/rastimozajedno.tv\/wp-content\/uploads\/2025\/01\/Picture1.png 1267w\" sizes=\"auto, (max-width: 1024px) 100vw, 1024px\" \/><\/figure>\n<\/div>\n\n\n<p><\/p>\n\n\n\n<p>A jury composed of 23 eighth-grade students, together with 38 high school students, almost unanimously decided that the program of the Public Service of Slovenia stands out far ahead in terms of quality, openness, and effective education and communication, as well as the importance of the topics it addresses, making it the best and the winner of this year\u2019s festival.&nbsp;<\/p>\n\n\n\n<p><strong>First time: I am<\/strong>&nbsp;It focuses on gender identity, gender roles, and social expectations related to sex and gender. We follow conversations among young people who have different values, expectations, and experiences in this area.\nAge group: 12\u201318 years.<\/p>\n\n\n<div class=\"wp-block-image\">\n<figure class=\"aligncenter size-large\"><img loading=\"lazy\" decoding=\"async\" width=\"1024\" height=\"718\" src=\"https:\/\/rastimozajedno.tv\/wp-content\/uploads\/2025\/01\/Picture2-1024x718.png\" alt=\"\" class=\"wp-image-1555\" srcset=\"https:\/\/rastimozajedno.tv\/wp-content\/uploads\/2025\/01\/Picture2-1024x718.png 1024w, https:\/\/rastimozajedno.tv\/wp-content\/uploads\/2025\/01\/Picture2-300x210.png 300w, https:\/\/rastimozajedno.tv\/wp-content\/uploads\/2025\/01\/Picture2-768x538.png 768w, https:\/\/rastimozajedno.tv\/wp-content\/uploads\/2025\/01\/Picture2-18x12.png 18w, https:\/\/rastimozajedno.tv\/wp-content\/uploads\/2025\/01\/Picture2.png 1146w\" sizes=\"auto, (max-width: 1024px) 100vw, 1024px\" \/><\/figure>\n<\/div>\n\n\n<p><\/p>\n\n\n\n<p><\/p>","protected":false},"excerpt":{"rendered":"<p>Najbolji \u017eiri na svetu , sastavljen od 61 deteta osnovno\u0161kolskog uzrasta , proglasio je emisiju \u0160UMA PET kao najbolju u \u017eestokoj konkurenciji svih pristiglih programskih sadr\u017eaja. U opisu svoje odluke, \u017eiri je istakao da je TV emisija za decu koja nam dolazi iz Slova\u010dke ,svojim nesumljivim edukativnim karakterom anga\u017euje sva \u010dula i podsti\u010de na interakciju. [&hellip;]<\/p>","protected":false},"author":1,"featured_media":1554,"comment_status":"closed","ping_status":"closed","sticky":false,"template":"","format":"standard","meta":{"_acf_changed":false,"footnotes":""},"categories":[1],"tags":[],"class_list":["post-1552","post","type-post","status-publish","format-standard","has-post-thumbnail","hentry","category-uncategorized"],"acf":[],"yoast_head":"<!-- This site is optimized with the Yoast SEO plugin v23.6 - https:\/\/yoast.com\/wordpress\/plugins\/seo\/ -->\n<title>Novembar - Rastimo zajedno<\/title>\n<meta name=\"robots\" content=\"index, follow, max-snippet:-1, max-image-preview:large, max-video-preview:-1\" \/>\n<link rel=\"canonical\" href=\"https:\/\/rastimozajedno.tv\/en\/1552-2\/\" \/>\n<meta property=\"og:locale\" content=\"en_US\" \/>\n<meta property=\"og:type\" content=\"article\" \/>\n<meta property=\"og:title\" content=\"Novembar - Rastimo zajedno\" \/>\n<meta property=\"og:description\" content=\"Najbolji \u017eiri na svetu , sastavljen od 61 deteta osnovno\u0161kolskog uzrasta , proglasio je emisiju \u0160UMA PET kao najbolju u \u017eestokoj konkurenciji svih pristiglih programskih sadr\u017eaja. U opisu svoje odluke, \u017eiri je istakao da je TV emisija za decu koja nam dolazi iz Slova\u010dke ,svojim nesumljivim edukativnim karakterom anga\u017euje sva \u010dula i podsti\u010de na interakciju. [&hellip;]\" \/>\n<meta property=\"og:url\" content=\"https:\/\/rastimozajedno.tv\/en\/1552-2\/\" \/>\n<meta property=\"og:site_name\" content=\"Rastimo zajedno\" \/>\n<meta property=\"article:published_time\" content=\"2025-01-30T17:22:33+00:00\" \/>\n<meta property=\"article:modified_time\" content=\"2025-01-30T19:16:20+00:00\" \/>\n<meta property=\"og:image\" content=\"https:\/\/rastimozajedno.tv\/wp-content\/uploads\/2025\/01\/Picture1-1024x576.png\" \/>\n\t<meta property=\"og:image:width\" content=\"1024\" \/>\n\t<meta property=\"og:image:height\" content=\"576\" \/>\n\t<meta property=\"og:image:type\" content=\"image\/png\" \/>\n<meta name=\"author\" content=\"webiteRocks\" \/>\n<meta name=\"twitter:card\" content=\"summary_large_image\" \/>\n<meta name=\"twitter:label1\" content=\"Written by\" \/>\n\t<meta name=\"twitter:data1\" content=\"webiteRocks\" \/>\n\t<meta name=\"twitter:label2\" content=\"Est. reading time\" \/>\n\t<meta name=\"twitter:data2\" content=\"2 minutes\" \/>\n<script type=\"application\/ld+json\" class=\"yoast-schema-graph\">{\"@context\":\"https:\/\/schema.org\",\"@graph\":[{\"@type\":\"WebPage\",\"@id\":\"https:\/\/rastimozajedno.tv\/1552-2\/\",\"url\":\"https:\/\/rastimozajedno.tv\/1552-2\/\",\"name\":\"Novembar - Rastimo zajedno\",\"isPartOf\":{\"@id\":\"https:\/\/rastimozajedno.tv\/#website\"},\"primaryImageOfPage\":{\"@id\":\"https:\/\/rastimozajedno.tv\/1552-2\/#primaryimage\"},\"image\":{\"@id\":\"https:\/\/rastimozajedno.tv\/1552-2\/#primaryimage\"},\"thumbnailUrl\":\"https:\/\/rastimozajedno.tv\/wp-content\/uploads\/2025\/01\/Picture1.png\",\"datePublished\":\"2025-01-30T17:22:33+00:00\",\"dateModified\":\"2025-01-30T19:16:20+00:00\",\"author\":{\"@id\":\"https:\/\/rastimozajedno.tv\/#\/schema\/person\/917ae173008ee1a1087a2c40002497f1\"},\"breadcrumb\":{\"@id\":\"https:\/\/rastimozajedno.tv\/1552-2\/#breadcrumb\"},\"inLanguage\":\"en-US\",\"potentialAction\":[{\"@type\":\"ReadAction\",\"target\":[\"https:\/\/rastimozajedno.tv\/1552-2\/\"]}]},{\"@type\":\"ImageObject\",\"inLanguage\":\"en-US\",\"@id\":\"https:\/\/rastimozajedno.tv\/1552-2\/#primaryimage\",\"url\":\"https:\/\/rastimozajedno.tv\/wp-content\/uploads\/2025\/01\/Picture1.png\",\"contentUrl\":\"https:\/\/rastimozajedno.tv\/wp-content\/uploads\/2025\/01\/Picture1.png\",\"width\":1267,\"height\":713},{\"@type\":\"BreadcrumbList\",\"@id\":\"https:\/\/rastimozajedno.tv\/1552-2\/#breadcrumb\",\"itemListElement\":[{\"@type\":\"ListItem\",\"position\":1,\"name\":\"Home\",\"item\":\"https:\/\/rastimozajedno.tv\/\"},{\"@type\":\"ListItem\",\"position\":2,\"name\":\"Novembar\"}]},{\"@type\":\"WebSite\",\"@id\":\"https:\/\/rastimozajedno.tv\/#website\",\"url\":\"https:\/\/rastimozajedno.tv\/\",\"name\":\"Rastimo zajedno\",\"description\":\"Evropski festival televizijskog stvarala\u0161tva za decu\",\"potentialAction\":[{\"@type\":\"SearchAction\",\"target\":{\"@type\":\"EntryPoint\",\"urlTemplate\":\"https:\/\/rastimozajedno.tv\/?s={search_term_string}\"},\"query-input\":{\"@type\":\"PropertyValueSpecification\",\"valueRequired\":true,\"valueName\":\"search_term_string\"}}],\"inLanguage\":\"en-US\"},{\"@type\":\"Person\",\"@id\":\"https:\/\/rastimozajedno.tv\/#\/schema\/person\/917ae173008ee1a1087a2c40002497f1\",\"name\":\"webiteRocks\",\"image\":{\"@type\":\"ImageObject\",\"inLanguage\":\"en-US\",\"@id\":\"https:\/\/rastimozajedno.tv\/#\/schema\/person\/image\/\",\"url\":\"https:\/\/secure.gravatar.com\/avatar\/3c00a579c6169502164b65946b904861ab406539cb0e23397bdddfcdb9aca7ce?s=96&d=mm&r=g\",\"contentUrl\":\"https:\/\/secure.gravatar.com\/avatar\/3c00a579c6169502164b65946b904861ab406539cb0e23397bdddfcdb9aca7ce?s=96&d=mm&r=g\",\"caption\":\"webiteRocks\"},\"sameAs\":[\"https:\/\/rastimozajedno.webite.us\"],\"url\":\"https:\/\/rastimozajedno.tv\/en\/author\/webiterocks\/\"}]}<\/script>\n<!-- \/ Yoast SEO plugin. -->","yoast_head_json":{"title":"Novembar - Rastimo zajedno","robots":{"index":"index","follow":"follow","max-snippet":"max-snippet:-1","max-image-preview":"max-image-preview:large","max-video-preview":"max-video-preview:-1"},"canonical":"https:\/\/rastimozajedno.tv\/en\/1552-2\/","og_locale":"en_US","og_type":"article","og_title":"Novembar - Rastimo zajedno","og_description":"Najbolji \u017eiri na svetu , sastavljen od 61 deteta osnovno\u0161kolskog uzrasta , proglasio je emisiju \u0160UMA PET kao najbolju u \u017eestokoj konkurenciji svih pristiglih programskih sadr\u017eaja. U opisu svoje odluke, \u017eiri je istakao da je TV emisija za decu koja nam dolazi iz Slova\u010dke ,svojim nesumljivim edukativnim karakterom anga\u017euje sva \u010dula i podsti\u010de na interakciju. [&hellip;]","og_url":"https:\/\/rastimozajedno.tv\/en\/1552-2\/","og_site_name":"Rastimo zajedno","article_published_time":"2025-01-30T17:22:33+00:00","article_modified_time":"2025-01-30T19:16:20+00:00","og_image":[{"width":1024,"height":576,"url":"https:\/\/rastimozajedno.tv\/wp-content\/uploads\/2025\/01\/Picture1-1024x576.png","type":"image\/png"}],"author":"webiteRocks","twitter_card":"summary_large_image","twitter_misc":{"Written by":"webiteRocks","Est. reading time":"2 minutes"},"schema":{"@context":"https:\/\/schema.org","@graph":[{"@type":"WebPage","@id":"https:\/\/rastimozajedno.tv\/1552-2\/","url":"https:\/\/rastimozajedno.tv\/1552-2\/","name":"Novembar - Rastimo zajedno","isPartOf":{"@id":"https:\/\/rastimozajedno.tv\/#website"},"primaryImageOfPage":{"@id":"https:\/\/rastimozajedno.tv\/1552-2\/#primaryimage"},"image":{"@id":"https:\/\/rastimozajedno.tv\/1552-2\/#primaryimage"},"thumbnailUrl":"https:\/\/rastimozajedno.tv\/wp-content\/uploads\/2025\/01\/Picture1.png","datePublished":"2025-01-30T17:22:33+00:00","dateModified":"2025-01-30T19:16:20+00:00","author":{"@id":"https:\/\/rastimozajedno.tv\/#\/schema\/person\/917ae173008ee1a1087a2c40002497f1"},"breadcrumb":{"@id":"https:\/\/rastimozajedno.tv\/1552-2\/#breadcrumb"},"inLanguage":"en-US","potentialAction":[{"@type":"ReadAction","target":["https:\/\/rastimozajedno.tv\/1552-2\/"]}]},{"@type":"ImageObject","inLanguage":"en-US","@id":"https:\/\/rastimozajedno.tv\/1552-2\/#primaryimage","url":"https:\/\/rastimozajedno.tv\/wp-content\/uploads\/2025\/01\/Picture1.png","contentUrl":"https:\/\/rastimozajedno.tv\/wp-content\/uploads\/2025\/01\/Picture1.png","width":1267,"height":713},{"@type":"BreadcrumbList","@id":"https:\/\/rastimozajedno.tv\/1552-2\/#breadcrumb","itemListElement":[{"@type":"ListItem","position":1,"name":"Home","item":"https:\/\/rastimozajedno.tv\/"},{"@type":"ListItem","position":2,"name":"Novembar"}]},{"@type":"WebSite","@id":"https:\/\/rastimozajedno.tv\/#website","url":"https:\/\/rastimozajedno.tv\/","name":"Rastimo zajedno","description":"Evropski festival televizijskog stvarala\u0161tva za decu","potentialAction":[{"@type":"SearchAction","target":{"@type":"EntryPoint","urlTemplate":"https:\/\/rastimozajedno.tv\/?s={search_term_string}"},"query-input":{"@type":"PropertyValueSpecification","valueRequired":true,"valueName":"search_term_string"}}],"inLanguage":"en-US"},{"@type":"Person","@id":"https:\/\/rastimozajedno.tv\/#\/schema\/person\/917ae173008ee1a1087a2c40002497f1","name":"webiteRocks","image":{"@type":"ImageObject","inLanguage":"en-US","@id":"https:\/\/rastimozajedno.tv\/#\/schema\/person\/image\/","url":"https:\/\/secure.gravatar.com\/avatar\/3c00a579c6169502164b65946b904861ab406539cb0e23397bdddfcdb9aca7ce?s=96&d=mm&r=g","contentUrl":"https:\/\/secure.gravatar.com\/avatar\/3c00a579c6169502164b65946b904861ab406539cb0e23397bdddfcdb9aca7ce?s=96&d=mm&r=g","caption":"webiteRocks"},"sameAs":["https:\/\/rastimozajedno.webite.us"],"url":"https:\/\/rastimozajedno.tv\/en\/author\/webiterocks\/"}]}},"_links":{"self":[{"href":"https:\/\/rastimozajedno.tv\/en\/wp-json\/wp\/v2\/posts\/1552","targetHints":{"allow":["GET"]}}],"collection":[{"href":"https:\/\/rastimozajedno.tv\/en\/wp-json\/wp\/v2\/posts"}],"about":[{"href":"https:\/\/rastimozajedno.tv\/en\/wp-json\/wp\/v2\/types\/post"}],"author":[{"embeddable":true,"href":"https:\/\/rastimozajedno.tv\/en\/wp-json\/wp\/v2\/users\/1"}],"replies":[{"embeddable":true,"href":"https:\/\/rastimozajedno.tv\/en\/wp-json\/wp\/v2\/comments?post=1552"}],"version-history":[{"count":9,"href":"https:\/\/rastimozajedno.tv\/en\/wp-json\/wp\/v2\/posts\/1552\/revisions"}],"predecessor-version":[{"id":1595,"href":"https:\/\/rastimozajedno.tv\/en\/wp-json\/wp\/v2\/posts\/1552\/revisions\/1595"}],"wp:featuredmedia":[{"embeddable":true,"href":"https:\/\/rastimozajedno.tv\/en\/wp-json\/wp\/v2\/media\/1554"}],"wp:attachment":[{"href":"https:\/\/rastimozajedno.tv\/en\/wp-json\/wp\/v2\/media?parent=1552"}],"wp:term":[{"taxonomy":"category","embeddable":true,"href":"https:\/\/rastimozajedno.tv\/en\/wp-json\/wp\/v2\/categories?post=1552"},{"taxonomy":"post_tag","embeddable":true,"href":"https:\/\/rastimozajedno.tv\/en\/wp-json\/wp\/v2\/tags?post=1552"}],"curies":[{"name":"wp","href":"https:\/\/api.w.org\/{rel}","templated":true}]}}