{"id":1793,"date":"2025-11-24T23:20:29","date_gmt":"2025-11-24T23:20:29","guid":{"rendered":"https:\/\/rastimozajedno.tv\/?p=1793"},"modified":"2025-12-04T21:23:47","modified_gmt":"2025-12-04T21:23:47","slug":"trece-izdanje-festivala-rastimo-zajedno-glas-dece-evropske-prakse-i-zeleni-program-u-fokusu","status":"publish","type":"post","link":"https:\/\/rastimozajedno.tv\/en\/trece-izdanje-festivala-rastimo-zajedno-glas-dece-evropske-prakse-i-zeleni-program-u-fokusu\/","title":{"rendered":"Tre\u0107e izdanje Festivala Rastimo zajedno: glas dece, evropske prakse i zeleni program u fokusu"},"content":{"rendered":"<p>   Tre\u0107e izdanje Evropskog festivala tv stvarala\u0161tva za decu&nbsp; <em>LET\u2019S GROW TOGETHER<\/em> bi\u0107e odr\u017eano i ove godine u Beogradu, donose\u0107i bogat programski sadr\u017eaj i aktuelne teme iz oblasti medijske produkcije za decu i mlade. Pored takmi\u010darskog dela u kojem u\u010destvuju javni servisi i nezavisne produkcije iz cele Evrope, festival i ovog puta prati niz stru\u010dnih skupova namenjenih medijskim radnicima, studentima i svima koji se bave stvaranjem audiovizuelnih sadr\u017eaja za najmla\u0111u publiku. O pobednicima festivala odlu\u010diva\u0107e de\u010diji \u017eiri, \u010dime se jo\u0161 jednom isti\u010de va\u017enost participacije dece u procesima koji se ti\u010du njihovog medijskog iskustva.<\/p>\n\n\n\n<p>&nbsp;  U sredi\u0161tu ovogodi\u0161njeg okupljanja nalazi se ideja da mediji za decu nisu samo skup emisija, formata i kreativnih eksperimenata, ve\u0107 ogledalo dru\u0161tva koje ih stvara. Kada se u jednoj prostoriji na\u0111u urednici evropskih Javnih servisa, profesori, istra\u017eiva\u010di, mladi, roditelji i deca koja \u0107e glasati o najboljim sadr\u017eajima, jasno je da govorimo o prostoru u kojem se ozbiljnost struke susre\u0107e sa zaigranom energijom najmla\u0111ih&nbsp; i to bez ikakve hijerarhije.<\/p>\n\n\n\n<p>\u00a0 Glavna zvezda ovogodi\u0161njeg Festivala je Javni de\u010diji kanal Belgije- <a href=\"https:\/\/www.vrt.be\/vrtmax\/ketnet\/\">KETNET<\/a>. Belgijski KETNET, koji u Evropi va\u017ei za primer kako se sadr\u017eaj za decu mo\u017ee graditi u stalnom dijalogu sa \u0161kolama, nastavnicima i medijskim stru\u010dnjacima, predstavlja model koji podse\u0107a da program za mlade mora da di\u0161e zajedno sa dru\u0161tvom. Da se menja kada se menjaju deca. Da ima hrabrosti da ih pita, slu\u0161a, i najva\u017enije, da ih uklju\u010di u stvaranje programa za njih. U tom susretu izme\u0111u profesionalnih standarda i de\u010dje perspektive krije se lekcija zbog koje festivali poput ovog i postoje: kvalitet nije stvar forme, ve\u0107 odnosa prema publici koja je sve samo ne pasivna.<\/p>\n\n\n\n<p>&nbsp;  Isto polazi\u0161te otvara i pri\u010da o kampanji koja promovi\u0161e borbu protiv vr\u0161nja\u010dkog nasilja STIP IT. STIP IT je inicijativa koja je pre vi\u0161e od jedne decenije po\u010dela kao plesni \u010din protiv vr\u0161nja\u010dkog nasilja, a danas je me\u0111unarodna mre\u017ea koja okuplja hiljade mladih oko ideje da je po\u0161tovanje temelj svake zajednice. Kada jedna televizijska inicijativa dobije sopstveni pokret, nagrade i lokalne verzije u razli\u010ditim zemljama, onda govorimo o televiziji koja nije tu da prvenstveno&nbsp; prenosi informacije ve\u0107 da menja navike, kulturu i me\u0111uljudske odnose. Najavljivana srpska verzija kampanje prirodno se nadovezuje na tu tradiciju: ona poziva mlade da razgovaraju o nasilju ne kroz zabrane i moralne lekcije, ve\u0107 kroz kreativni dijalog, dramske metode i u\u010de\u0161\u0107e. To je televizija koja ne govori <em>U IME<\/em> dece, ve\u0107 <em>ZAJEDNO SA NJIMA<\/em>.<\/p>\n\n\n\n<p>&nbsp;&nbsp;  U tom duhu nastavljaju se i drugi programi festivala, koji preispituju kako izgledaju globalni formati u lokalnim okru\u017eenjima, za\u0161to je va\u017eno da deca gledaju pri\u010de iz svog kom\u0161iluka jednako kao i one iz dalekih zemalja i kakvu ulogu u svemu tome ima me\u0111unarodna saradnja. Gost Festivala je Dr. Maya Gotz, direktorka najpresti\u017enijeg festivala tv stvarala\u0161tva za decu Prix Jeunesse International, koji traje ve\u0107 60 godina pod okriljem Bavarskog Javnog servisa. Sa gospo\u0111om Gotz \u0107e biti razgovora na temu kako da televizija za decu i mlade ostane iskrena, raznovrsna i otvorena.<\/p>\n\n\n\n<p>&nbsp; U pozadini svih razgovora ove godine provla\u010di se jo\u0161 jedna tema: ekologija kao neizbe\u017ena odgovornost savremenih medija. Ne samo kao narativ, ve\u0107 kao na\u010din proizvodnje, kao spremnost da se svaka emisija zapita \u0161ta ostavlja iza sebe,&nbsp; doslovno i simboli\u010dki. De\u010dja publika, mo\u017eda vi\u0161e nego bilo koja druga, prepoznaje autenti\u010dnost i brzo razlikuje gest od stvarne namere. Zato se insistira na programima koji u\u010de decu da razmi\u0161ljaju o planeti ne kroz apokalipti\u010dne tonove, ve\u0107 kao o prostoru koji se voli, neguje i \u0161titi.<\/p>\n\n\n\n<p>&nbsp;  I dok se \u010deka odluka de\u010dijeg \u017eirija, jasno je da je ovogodi\u0161nje izdanje ve\u0107 ispunilo svoju najve\u0107u ulogu: podsetilo nas je da se svet medija za decu ne gradi iz kabineta, niti iz statistika, ve\u0107 u susretima- \u017eivim, radoznalim i otvorenim. U mestima gde odrasli slu\u0161aju, deca govore, a kreativnost slu\u017ei jednoj veoma jednostavnoj stvari: da zajedno budemo bolji.<\/p>","protected":false},"excerpt":{"rendered":"<p>Tre\u0107e izdanje Evropskog festivala tv stvarala\u0161tva za decu&nbsp; Rastimo zajedno bi\u0107e odr\u017eano i ove godine u Beogradu, donose\u0107i bogat programski sadr\u017eaj i aktuelne teme iz oblasti medijske produkcije za decu i mlade. Pored takmi\u010darskog dela u kojem u\u010destvuju javni servisi i nezavisne produkcije iz cele Evrope, festival i ovog puta prati niz stru\u010dnih skupova namenjenih [&hellip;]<\/p>","protected":false},"author":2,"featured_media":1797,"comment_status":"closed","ping_status":"closed","sticky":false,"template":"","format":"standard","meta":{"_acf_changed":false,"footnotes":""},"categories":[13],"tags":[11,18,16,10,15,12,17],"class_list":["post-1793","post","type-post","status-publish","format-standard","has-post-thumbnail","hentry","category-festival-2025","tag-belgrade","tag-beograd","tag-emisije-za-decu","tag-festival","tag-festival-za-decu","tag-serbia-festival-for-kids","tag-tv-kanal-za-decu"],"acf":[],"yoast_head":"<!-- This site is optimized with the Yoast SEO plugin v23.6 - https:\/\/yoast.com\/wordpress\/plugins\/seo\/ -->\n<title>Tre\u0107e izdanje Festivala Rastimo zajedno: glas dece, evropske prakse i zeleni program u fokusu - Rastimo zajedno<\/title>\n<meta name=\"robots\" content=\"index, follow, max-snippet:-1, max-image-preview:large, max-video-preview:-1\" \/>\n<link rel=\"canonical\" href=\"https:\/\/rastimozajedno.tv\/en\/trece-izdanje-festivala-rastimo-zajedno-glas-dece-evropske-prakse-i-zeleni-program-u-fokusu\/\" \/>\n<meta property=\"og:locale\" content=\"en_US\" \/>\n<meta property=\"og:type\" content=\"article\" \/>\n<meta property=\"og:title\" content=\"Tre\u0107e izdanje Festivala Rastimo zajedno: glas dece, evropske prakse i zeleni program u fokusu - Rastimo zajedno\" \/>\n<meta property=\"og:description\" content=\"Tre\u0107e izdanje Evropskog festivala tv stvarala\u0161tva za decu&nbsp; Rastimo zajedno bi\u0107e odr\u017eano i ove godine u Beogradu, donose\u0107i bogat programski sadr\u017eaj i aktuelne teme iz oblasti medijske produkcije za decu i mlade. Pored takmi\u010darskog dela u kojem u\u010destvuju javni servisi i nezavisne produkcije iz cele Evrope, festival i ovog puta prati niz stru\u010dnih skupova namenjenih [&hellip;]\" \/>\n<meta property=\"og:url\" content=\"https:\/\/rastimozajedno.tv\/en\/trece-izdanje-festivala-rastimo-zajedno-glas-dece-evropske-prakse-i-zeleni-program-u-fokusu\/\" \/>\n<meta property=\"og:site_name\" content=\"Rastimo zajedno\" \/>\n<meta property=\"article:published_time\" content=\"2025-11-24T23:20:29+00:00\" \/>\n<meta property=\"article:modified_time\" content=\"2025-12-04T21:23:47+00:00\" \/>\n<meta property=\"og:image\" content=\"https:\/\/rastimozajedno.tv\/wp-content\/uploads\/2025\/11\/Festival-2025.png\" \/>\n\t<meta property=\"og:image:width\" content=\"940\" \/>\n\t<meta property=\"og:image:height\" content=\"788\" \/>\n\t<meta property=\"og:image:type\" content=\"image\/png\" \/>\n<meta name=\"author\" content=\"rastimozajedno\" \/>\n<meta name=\"twitter:card\" content=\"summary_large_image\" \/>\n<meta name=\"twitter:label1\" content=\"Written by\" \/>\n\t<meta name=\"twitter:data1\" content=\"rastimozajedno\" \/>\n\t<meta name=\"twitter:label2\" content=\"Est. reading time\" \/>\n\t<meta name=\"twitter:data2\" content=\"3 minutes\" \/>\n<script type=\"application\/ld+json\" class=\"yoast-schema-graph\">{\"@context\":\"https:\/\/schema.org\",\"@graph\":[{\"@type\":\"WebPage\",\"@id\":\"https:\/\/rastimozajedno.tv\/trece-izdanje-festivala-rastimo-zajedno-glas-dece-evropske-prakse-i-zeleni-program-u-fokusu\/\",\"url\":\"https:\/\/rastimozajedno.tv\/trece-izdanje-festivala-rastimo-zajedno-glas-dece-evropske-prakse-i-zeleni-program-u-fokusu\/\",\"name\":\"Tre\u0107e izdanje Festivala Rastimo zajedno: glas dece, evropske prakse i zeleni program u fokusu - Rastimo zajedno\",\"isPartOf\":{\"@id\":\"https:\/\/rastimozajedno.tv\/#website\"},\"primaryImageOfPage\":{\"@id\":\"https:\/\/rastimozajedno.tv\/trece-izdanje-festivala-rastimo-zajedno-glas-dece-evropske-prakse-i-zeleni-program-u-fokusu\/#primaryimage\"},\"image\":{\"@id\":\"https:\/\/rastimozajedno.tv\/trece-izdanje-festivala-rastimo-zajedno-glas-dece-evropske-prakse-i-zeleni-program-u-fokusu\/#primaryimage\"},\"thumbnailUrl\":\"https:\/\/rastimozajedno.tv\/wp-content\/uploads\/2025\/11\/Festival-2025-e1764976424845.png\",\"datePublished\":\"2025-11-24T23:20:29+00:00\",\"dateModified\":\"2025-12-04T21:23:47+00:00\",\"author\":{\"@id\":\"https:\/\/rastimozajedno.tv\/#\/schema\/person\/4142007bb9cb86056a774742096e1ef9\"},\"breadcrumb\":{\"@id\":\"https:\/\/rastimozajedno.tv\/trece-izdanje-festivala-rastimo-zajedno-glas-dece-evropske-prakse-i-zeleni-program-u-fokusu\/#breadcrumb\"},\"inLanguage\":\"en-US\",\"potentialAction\":[{\"@type\":\"ReadAction\",\"target\":[\"https:\/\/rastimozajedno.tv\/trece-izdanje-festivala-rastimo-zajedno-glas-dece-evropske-prakse-i-zeleni-program-u-fokusu\/\"]}]},{\"@type\":\"ImageObject\",\"inLanguage\":\"en-US\",\"@id\":\"https:\/\/rastimozajedno.tv\/trece-izdanje-festivala-rastimo-zajedno-glas-dece-evropske-prakse-i-zeleni-program-u-fokusu\/#primaryimage\",\"url\":\"https:\/\/rastimozajedno.tv\/wp-content\/uploads\/2025\/11\/Festival-2025-e1764976424845.png\",\"contentUrl\":\"https:\/\/rastimozajedno.tv\/wp-content\/uploads\/2025\/11\/Festival-2025-e1764976424845.png\",\"width\":500,\"height\":419,\"caption\":\"program of Festival let's grow together in november 2025\"},{\"@type\":\"BreadcrumbList\",\"@id\":\"https:\/\/rastimozajedno.tv\/trece-izdanje-festivala-rastimo-zajedno-glas-dece-evropske-prakse-i-zeleni-program-u-fokusu\/#breadcrumb\",\"itemListElement\":[{\"@type\":\"ListItem\",\"position\":1,\"name\":\"Home\",\"item\":\"https:\/\/rastimozajedno.tv\/\"},{\"@type\":\"ListItem\",\"position\":2,\"name\":\"Tre\u0107e izdanje Festivala Rastimo zajedno: glas dece, evropske prakse i zeleni program u fokusu\"}]},{\"@type\":\"WebSite\",\"@id\":\"https:\/\/rastimozajedno.tv\/#website\",\"url\":\"https:\/\/rastimozajedno.tv\/\",\"name\":\"Rastimo zajedno\",\"description\":\"Evropski festival televizijskog stvarala\u0161tva za decu\",\"potentialAction\":[{\"@type\":\"SearchAction\",\"target\":{\"@type\":\"EntryPoint\",\"urlTemplate\":\"https:\/\/rastimozajedno.tv\/?s={search_term_string}\"},\"query-input\":{\"@type\":\"PropertyValueSpecification\",\"valueRequired\":true,\"valueName\":\"search_term_string\"}}],\"inLanguage\":\"en-US\"},{\"@type\":\"Person\",\"@id\":\"https:\/\/rastimozajedno.tv\/#\/schema\/person\/4142007bb9cb86056a774742096e1ef9\",\"name\":\"rastimozajedno\",\"image\":{\"@type\":\"ImageObject\",\"inLanguage\":\"en-US\",\"@id\":\"https:\/\/rastimozajedno.tv\/#\/schema\/person\/image\/\",\"url\":\"https:\/\/secure.gravatar.com\/avatar\/02ea6223e5385eeda7017fdb9a296f85d702593e511280ed10b866d7bc485981?s=96&d=mm&r=g\",\"contentUrl\":\"https:\/\/secure.gravatar.com\/avatar\/02ea6223e5385eeda7017fdb9a296f85d702593e511280ed10b866d7bc485981?s=96&d=mm&r=g\",\"caption\":\"rastimozajedno\"},\"url\":\"https:\/\/rastimozajedno.tv\/en\/author\/rastimozajedno\/\"}]}<\/script>\n<!-- \/ Yoast SEO plugin. -->","yoast_head_json":{"title":"Tre\u0107e izdanje Festivala Rastimo zajedno: glas dece, evropske prakse i zeleni program u fokusu - Rastimo zajedno","robots":{"index":"index","follow":"follow","max-snippet":"max-snippet:-1","max-image-preview":"max-image-preview:large","max-video-preview":"max-video-preview:-1"},"canonical":"https:\/\/rastimozajedno.tv\/en\/trece-izdanje-festivala-rastimo-zajedno-glas-dece-evropske-prakse-i-zeleni-program-u-fokusu\/","og_locale":"en_US","og_type":"article","og_title":"Tre\u0107e izdanje Festivala Rastimo zajedno: glas dece, evropske prakse i zeleni program u fokusu - Rastimo zajedno","og_description":"Tre\u0107e izdanje Evropskog festivala tv stvarala\u0161tva za decu&nbsp; Rastimo zajedno bi\u0107e odr\u017eano i ove godine u Beogradu, donose\u0107i bogat programski sadr\u017eaj i aktuelne teme iz oblasti medijske produkcije za decu i mlade. Pored takmi\u010darskog dela u kojem u\u010destvuju javni servisi i nezavisne produkcije iz cele Evrope, festival i ovog puta prati niz stru\u010dnih skupova namenjenih [&hellip;]","og_url":"https:\/\/rastimozajedno.tv\/en\/trece-izdanje-festivala-rastimo-zajedno-glas-dece-evropske-prakse-i-zeleni-program-u-fokusu\/","og_site_name":"Rastimo zajedno","article_published_time":"2025-11-24T23:20:29+00:00","article_modified_time":"2025-12-04T21:23:47+00:00","og_image":[{"width":940,"height":788,"url":"https:\/\/rastimozajedno.tv\/wp-content\/uploads\/2025\/11\/Festival-2025.png","type":"image\/png"}],"author":"rastimozajedno","twitter_card":"summary_large_image","twitter_misc":{"Written by":"rastimozajedno","Est. reading time":"3 minutes"},"schema":{"@context":"https:\/\/schema.org","@graph":[{"@type":"WebPage","@id":"https:\/\/rastimozajedno.tv\/trece-izdanje-festivala-rastimo-zajedno-glas-dece-evropske-prakse-i-zeleni-program-u-fokusu\/","url":"https:\/\/rastimozajedno.tv\/trece-izdanje-festivala-rastimo-zajedno-glas-dece-evropske-prakse-i-zeleni-program-u-fokusu\/","name":"Tre\u0107e izdanje Festivala Rastimo zajedno: glas dece, evropske prakse i zeleni program u fokusu - Rastimo zajedno","isPartOf":{"@id":"https:\/\/rastimozajedno.tv\/#website"},"primaryImageOfPage":{"@id":"https:\/\/rastimozajedno.tv\/trece-izdanje-festivala-rastimo-zajedno-glas-dece-evropske-prakse-i-zeleni-program-u-fokusu\/#primaryimage"},"image":{"@id":"https:\/\/rastimozajedno.tv\/trece-izdanje-festivala-rastimo-zajedno-glas-dece-evropske-prakse-i-zeleni-program-u-fokusu\/#primaryimage"},"thumbnailUrl":"https:\/\/rastimozajedno.tv\/wp-content\/uploads\/2025\/11\/Festival-2025-e1764976424845.png","datePublished":"2025-11-24T23:20:29+00:00","dateModified":"2025-12-04T21:23:47+00:00","author":{"@id":"https:\/\/rastimozajedno.tv\/#\/schema\/person\/4142007bb9cb86056a774742096e1ef9"},"breadcrumb":{"@id":"https:\/\/rastimozajedno.tv\/trece-izdanje-festivala-rastimo-zajedno-glas-dece-evropske-prakse-i-zeleni-program-u-fokusu\/#breadcrumb"},"inLanguage":"en-US","potentialAction":[{"@type":"ReadAction","target":["https:\/\/rastimozajedno.tv\/trece-izdanje-festivala-rastimo-zajedno-glas-dece-evropske-prakse-i-zeleni-program-u-fokusu\/"]}]},{"@type":"ImageObject","inLanguage":"en-US","@id":"https:\/\/rastimozajedno.tv\/trece-izdanje-festivala-rastimo-zajedno-glas-dece-evropske-prakse-i-zeleni-program-u-fokusu\/#primaryimage","url":"https:\/\/rastimozajedno.tv\/wp-content\/uploads\/2025\/11\/Festival-2025-e1764976424845.png","contentUrl":"https:\/\/rastimozajedno.tv\/wp-content\/uploads\/2025\/11\/Festival-2025-e1764976424845.png","width":500,"height":419,"caption":"program of Festival let's grow together in november 2025"},{"@type":"BreadcrumbList","@id":"https:\/\/rastimozajedno.tv\/trece-izdanje-festivala-rastimo-zajedno-glas-dece-evropske-prakse-i-zeleni-program-u-fokusu\/#breadcrumb","itemListElement":[{"@type":"ListItem","position":1,"name":"Home","item":"https:\/\/rastimozajedno.tv\/"},{"@type":"ListItem","position":2,"name":"Tre\u0107e izdanje Festivala Rastimo zajedno: glas dece, evropske prakse i zeleni program u fokusu"}]},{"@type":"WebSite","@id":"https:\/\/rastimozajedno.tv\/#website","url":"https:\/\/rastimozajedno.tv\/","name":"Rastimo zajedno","description":"Evropski festival televizijskog stvarala\u0161tva za decu","potentialAction":[{"@type":"SearchAction","target":{"@type":"EntryPoint","urlTemplate":"https:\/\/rastimozajedno.tv\/?s={search_term_string}"},"query-input":{"@type":"PropertyValueSpecification","valueRequired":true,"valueName":"search_term_string"}}],"inLanguage":"en-US"},{"@type":"Person","@id":"https:\/\/rastimozajedno.tv\/#\/schema\/person\/4142007bb9cb86056a774742096e1ef9","name":"rastimozajedno","image":{"@type":"ImageObject","inLanguage":"en-US","@id":"https:\/\/rastimozajedno.tv\/#\/schema\/person\/image\/","url":"https:\/\/secure.gravatar.com\/avatar\/02ea6223e5385eeda7017fdb9a296f85d702593e511280ed10b866d7bc485981?s=96&d=mm&r=g","contentUrl":"https:\/\/secure.gravatar.com\/avatar\/02ea6223e5385eeda7017fdb9a296f85d702593e511280ed10b866d7bc485981?s=96&d=mm&r=g","caption":"rastimozajedno"},"url":"https:\/\/rastimozajedno.tv\/en\/author\/rastimozajedno\/"}]}},"_links":{"self":[{"href":"https:\/\/rastimozajedno.tv\/en\/wp-json\/wp\/v2\/posts\/1793","targetHints":{"allow":["GET"]}}],"collection":[{"href":"https:\/\/rastimozajedno.tv\/en\/wp-json\/wp\/v2\/posts"}],"about":[{"href":"https:\/\/rastimozajedno.tv\/en\/wp-json\/wp\/v2\/types\/post"}],"author":[{"embeddable":true,"href":"https:\/\/rastimozajedno.tv\/en\/wp-json\/wp\/v2\/users\/2"}],"replies":[{"embeddable":true,"href":"https:\/\/rastimozajedno.tv\/en\/wp-json\/wp\/v2\/comments?post=1793"}],"version-history":[{"count":4,"href":"https:\/\/rastimozajedno.tv\/en\/wp-json\/wp\/v2\/posts\/1793\/revisions"}],"predecessor-version":[{"id":1823,"href":"https:\/\/rastimozajedno.tv\/en\/wp-json\/wp\/v2\/posts\/1793\/revisions\/1823"}],"wp:featuredmedia":[{"embeddable":true,"href":"https:\/\/rastimozajedno.tv\/en\/wp-json\/wp\/v2\/media\/1797"}],"wp:attachment":[{"href":"https:\/\/rastimozajedno.tv\/en\/wp-json\/wp\/v2\/media?parent=1793"}],"wp:term":[{"taxonomy":"category","embeddable":true,"href":"https:\/\/rastimozajedno.tv\/en\/wp-json\/wp\/v2\/categories?post=1793"},{"taxonomy":"post_tag","embeddable":true,"href":"https:\/\/rastimozajedno.tv\/en\/wp-json\/wp\/v2\/tags?post=1793"}],"curies":[{"name":"wp","href":"https:\/\/api.w.org\/{rel}","templated":true}]}}