{"id":550,"date":"2023-09-15T18:22:32","date_gmt":"2023-09-15T18:22:32","guid":{"rendered":"https:\/\/rastimozajedno.tv\/?p=550"},"modified":"2025-01-30T19:14:48","modified_gmt":"2025-01-30T19:14:48","slug":"rastimo-zajedno-od-22-do-24-novembra","status":"publish","type":"post","link":"https:\/\/rastimozajedno.tv\/en\/rastimo-zajedno-od-22-do-24-novembra\/","title":{"rendered":"LET\u2019S GROW TOGETHER from November 22<sup>nd<\/sup> to 24<sup>th<\/sup>"},"content":{"rendered":"<p>The competitive program of the European Festival of Children\u2019s Television Creativity LET\u2019S GROW TOGETHER , will take place on <strong>November 22<sup>nd<\/sup> , 23<sup>rd<\/sup>  and 24<sup>th<\/sup>, 2023,<\/strong>&nbsp;at the Pinocchio Puppet Theater in Belgrade, with the accompanying Festival program at the EU INFO Center in Belgrade.<\/p>\n\n\n\n<p>The European and regional public broadcasters and the European independent productions whose shows and series were broadcast on the European and regional public broadcasters in the period from January 1, 2021 to December 31, 2023 have the right to participate in the Festival.<\/p>\n\n\n\n<p>The Radio Television of Serbia and the Art Beat Center invite European public broadcasters and independent European productions to submit their audiovisual content in the following categories:<\/p>\n\n\n\n<p>\u2013\u00a0production for children up to the age of 6,<\/p>\n\n\n\n<p>\u2013\u00a0production for children aged 7 to 10,<\/p>\n\n\n\n<p>\u2013\u00a0production for children aged 11 to 15.<\/p>\n\n\n\n<p>You can apply &nbsp;<a href=\"\/en\/prijava\/\">HERE<\/a>. Before submitting your application, please read <strong>the rules and conditions of participation<\/strong>&nbsp;which you can find <a href=\"\/en\/pravila-i-propisi\/\">HERE<\/a>.<\/p>\n\n\n\n<p>For any inquiries, you can contact us at <a href=\"mailto:rastimozajedno@rts.rs\"><u>rastimozajedno@rts.rs<\/u><\/a><\/p>","protected":false},"excerpt":{"rendered":"<p>Takmi\u010darski program Evropskog festivala televizijskog stvarala\u0161tva za decu RASTIMO ZAJEDNO odr\u017ea\u0107e se 22, 23. i 24. novembra 2023. godine&nbsp;u pozori\u0161tu lutaka PInokio u Beogradu, a prate\u0107i program Festivala u prostorijama EU INFO Centra u Beogradu. Pravo u\u010de\u0161\u0107a na Festivalu imaju evropski i regionalni javni servisi i evropske nezavisne produkcije \u010dije su se emisije&nbsp;i serijali emitovali [&hellip;]<\/p>","protected":false},"author":1,"featured_media":561,"comment_status":"closed","ping_status":"closed","sticky":false,"template":"","format":"standard","meta":{"_acf_changed":false,"footnotes":""},"categories":[1],"tags":[],"class_list":["post-550","post","type-post","status-publish","format-standard","has-post-thumbnail","hentry","category-uncategorized"],"acf":[],"yoast_head":"<!-- This site is optimized with the Yoast SEO plugin v23.6 - https:\/\/yoast.com\/wordpress\/plugins\/seo\/ -->\n<title>RASTIMO ZAJEDNO od 22. do 24. novembra<\/title>\n<meta name=\"description\" content=\"Takmi\u010darski program Evropskog festivala televizijskog stvarala\u0161tva za decu RASTIMO ZAJEDNO odr\u017ea\u0107e se 22, 23. i 24. novembra 2023. godine\" \/>\n<meta name=\"robots\" content=\"index, follow, max-snippet:-1, max-image-preview:large, max-video-preview:-1\" \/>\n<link rel=\"canonical\" href=\"https:\/\/rastimozajedno.tv\/en\/rastimo-zajedno-od-22-do-24-novembra\/\" \/>\n<meta property=\"og:locale\" content=\"en_US\" \/>\n<meta property=\"og:type\" content=\"article\" \/>\n<meta property=\"og:title\" content=\"RASTIMO ZAJEDNO od 22. do 24. novembra\" \/>\n<meta property=\"og:description\" content=\"Takmi\u010darski program Evropskog festivala televizijskog stvarala\u0161tva za decu RASTIMO ZAJEDNO odr\u017ea\u0107e se 22, 23. i 24. novembra 2023. godine\" \/>\n<meta property=\"og:url\" content=\"https:\/\/rastimozajedno.tv\/en\/rastimo-zajedno-od-22-do-24-novembra\/\" \/>\n<meta property=\"og:site_name\" content=\"Rastimo zajedno\" \/>\n<meta property=\"article:published_time\" content=\"2023-09-15T18:22:32+00:00\" \/>\n<meta property=\"article:modified_time\" content=\"2025-01-30T19:14:48+00:00\" \/>\n<meta property=\"og:image\" content=\"https:\/\/rastimozajedno.tv\/wp-content\/uploads\/2023\/09\/Group-23-1-1.png\" \/>\n\t<meta property=\"og:image:width\" content=\"800\" \/>\n\t<meta property=\"og:image:height\" content=\"500\" \/>\n\t<meta property=\"og:image:type\" content=\"image\/png\" \/>\n<meta name=\"author\" content=\"webiteRocks\" \/>\n<meta name=\"twitter:card\" content=\"summary_large_image\" \/>\n<meta name=\"twitter:label1\" content=\"Written by\" \/>\n\t<meta name=\"twitter:data1\" content=\"webiteRocks\" \/>\n\t<meta name=\"twitter:label2\" content=\"Est. reading time\" \/>\n\t<meta name=\"twitter:data2\" content=\"1 minute\" \/>\n<script type=\"application\/ld+json\" class=\"yoast-schema-graph\">{\"@context\":\"https:\/\/schema.org\",\"@graph\":[{\"@type\":\"WebPage\",\"@id\":\"https:\/\/rastimozajedno.tv\/rastimo-zajedno-od-22-do-24-novembra\/\",\"url\":\"https:\/\/rastimozajedno.tv\/rastimo-zajedno-od-22-do-24-novembra\/\",\"name\":\"RASTIMO ZAJEDNO od 22. do 24. novembra\",\"isPartOf\":{\"@id\":\"https:\/\/rastimozajedno.tv\/#website\"},\"primaryImageOfPage\":{\"@id\":\"https:\/\/rastimozajedno.tv\/rastimo-zajedno-od-22-do-24-novembra\/#primaryimage\"},\"image\":{\"@id\":\"https:\/\/rastimozajedno.tv\/rastimo-zajedno-od-22-do-24-novembra\/#primaryimage\"},\"thumbnailUrl\":\"https:\/\/rastimozajedno.tv\/wp-content\/uploads\/2023\/09\/Group-23-1-1.png\",\"datePublished\":\"2023-09-15T18:22:32+00:00\",\"dateModified\":\"2025-01-30T19:14:48+00:00\",\"author\":{\"@id\":\"https:\/\/rastimozajedno.tv\/#\/schema\/person\/917ae173008ee1a1087a2c40002497f1\"},\"description\":\"Takmi\u010darski program Evropskog festivala televizijskog stvarala\u0161tva za decu RASTIMO ZAJEDNO odr\u017ea\u0107e se 22, 23. i 24. novembra 2023. godine\",\"breadcrumb\":{\"@id\":\"https:\/\/rastimozajedno.tv\/rastimo-zajedno-od-22-do-24-novembra\/#breadcrumb\"},\"inLanguage\":\"en-US\",\"potentialAction\":[{\"@type\":\"ReadAction\",\"target\":[\"https:\/\/rastimozajedno.tv\/rastimo-zajedno-od-22-do-24-novembra\/\"]}]},{\"@type\":\"ImageObject\",\"inLanguage\":\"en-US\",\"@id\":\"https:\/\/rastimozajedno.tv\/rastimo-zajedno-od-22-do-24-novembra\/#primaryimage\",\"url\":\"https:\/\/rastimozajedno.tv\/wp-content\/uploads\/2023\/09\/Group-23-1-1.png\",\"contentUrl\":\"https:\/\/rastimozajedno.tv\/wp-content\/uploads\/2023\/09\/Group-23-1-1.png\",\"width\":800,\"height\":500},{\"@type\":\"BreadcrumbList\",\"@id\":\"https:\/\/rastimozajedno.tv\/rastimo-zajedno-od-22-do-24-novembra\/#breadcrumb\",\"itemListElement\":[{\"@type\":\"ListItem\",\"position\":1,\"name\":\"Home\",\"item\":\"https:\/\/rastimozajedno.tv\/\"},{\"@type\":\"ListItem\",\"position\":2,\"name\":\"RASTIMO ZAJEDNO od 22. do 24. novembra\"}]},{\"@type\":\"WebSite\",\"@id\":\"https:\/\/rastimozajedno.tv\/#website\",\"url\":\"https:\/\/rastimozajedno.tv\/\",\"name\":\"Rastimo zajedno\",\"description\":\"Evropski festival televizijskog stvarala\u0161tva za decu\",\"potentialAction\":[{\"@type\":\"SearchAction\",\"target\":{\"@type\":\"EntryPoint\",\"urlTemplate\":\"https:\/\/rastimozajedno.tv\/?s={search_term_string}\"},\"query-input\":{\"@type\":\"PropertyValueSpecification\",\"valueRequired\":true,\"valueName\":\"search_term_string\"}}],\"inLanguage\":\"en-US\"},{\"@type\":\"Person\",\"@id\":\"https:\/\/rastimozajedno.tv\/#\/schema\/person\/917ae173008ee1a1087a2c40002497f1\",\"name\":\"webiteRocks\",\"image\":{\"@type\":\"ImageObject\",\"inLanguage\":\"en-US\",\"@id\":\"https:\/\/rastimozajedno.tv\/#\/schema\/person\/image\/\",\"url\":\"https:\/\/secure.gravatar.com\/avatar\/3c00a579c6169502164b65946b904861ab406539cb0e23397bdddfcdb9aca7ce?s=96&d=mm&r=g\",\"contentUrl\":\"https:\/\/secure.gravatar.com\/avatar\/3c00a579c6169502164b65946b904861ab406539cb0e23397bdddfcdb9aca7ce?s=96&d=mm&r=g\",\"caption\":\"webiteRocks\"},\"sameAs\":[\"https:\/\/rastimozajedno.webite.us\"],\"url\":\"https:\/\/rastimozajedno.tv\/en\/author\/webiterocks\/\"}]}<\/script>\n<!-- \/ Yoast SEO plugin. -->","yoast_head_json":{"title":"RASTIMO ZAJEDNO od 22. do 24. novembra","description":"Takmi\u010darski program Evropskog festivala televizijskog stvarala\u0161tva za decu RASTIMO ZAJEDNO odr\u017ea\u0107e se 22, 23. i 24. novembra 2023. godine","robots":{"index":"index","follow":"follow","max-snippet":"max-snippet:-1","max-image-preview":"max-image-preview:large","max-video-preview":"max-video-preview:-1"},"canonical":"https:\/\/rastimozajedno.tv\/en\/rastimo-zajedno-od-22-do-24-novembra\/","og_locale":"en_US","og_type":"article","og_title":"RASTIMO ZAJEDNO od 22. do 24. novembra","og_description":"Takmi\u010darski program Evropskog festivala televizijskog stvarala\u0161tva za decu RASTIMO ZAJEDNO odr\u017ea\u0107e se 22, 23. i 24. novembra 2023. godine","og_url":"https:\/\/rastimozajedno.tv\/en\/rastimo-zajedno-od-22-do-24-novembra\/","og_site_name":"Rastimo zajedno","article_published_time":"2023-09-15T18:22:32+00:00","article_modified_time":"2025-01-30T19:14:48+00:00","og_image":[{"width":800,"height":500,"url":"https:\/\/rastimozajedno.tv\/wp-content\/uploads\/2023\/09\/Group-23-1-1.png","type":"image\/png"}],"author":"webiteRocks","twitter_card":"summary_large_image","twitter_misc":{"Written by":"webiteRocks","Est. reading time":"1 minute"},"schema":{"@context":"https:\/\/schema.org","@graph":[{"@type":"WebPage","@id":"https:\/\/rastimozajedno.tv\/rastimo-zajedno-od-22-do-24-novembra\/","url":"https:\/\/rastimozajedno.tv\/rastimo-zajedno-od-22-do-24-novembra\/","name":"RASTIMO ZAJEDNO od 22. do 24. novembra","isPartOf":{"@id":"https:\/\/rastimozajedno.tv\/#website"},"primaryImageOfPage":{"@id":"https:\/\/rastimozajedno.tv\/rastimo-zajedno-od-22-do-24-novembra\/#primaryimage"},"image":{"@id":"https:\/\/rastimozajedno.tv\/rastimo-zajedno-od-22-do-24-novembra\/#primaryimage"},"thumbnailUrl":"https:\/\/rastimozajedno.tv\/wp-content\/uploads\/2023\/09\/Group-23-1-1.png","datePublished":"2023-09-15T18:22:32+00:00","dateModified":"2025-01-30T19:14:48+00:00","author":{"@id":"https:\/\/rastimozajedno.tv\/#\/schema\/person\/917ae173008ee1a1087a2c40002497f1"},"description":"Takmi\u010darski program Evropskog festivala televizijskog stvarala\u0161tva za decu RASTIMO ZAJEDNO odr\u017ea\u0107e se 22, 23. i 24. novembra 2023. godine","breadcrumb":{"@id":"https:\/\/rastimozajedno.tv\/rastimo-zajedno-od-22-do-24-novembra\/#breadcrumb"},"inLanguage":"en-US","potentialAction":[{"@type":"ReadAction","target":["https:\/\/rastimozajedno.tv\/rastimo-zajedno-od-22-do-24-novembra\/"]}]},{"@type":"ImageObject","inLanguage":"en-US","@id":"https:\/\/rastimozajedno.tv\/rastimo-zajedno-od-22-do-24-novembra\/#primaryimage","url":"https:\/\/rastimozajedno.tv\/wp-content\/uploads\/2023\/09\/Group-23-1-1.png","contentUrl":"https:\/\/rastimozajedno.tv\/wp-content\/uploads\/2023\/09\/Group-23-1-1.png","width":800,"height":500},{"@type":"BreadcrumbList","@id":"https:\/\/rastimozajedno.tv\/rastimo-zajedno-od-22-do-24-novembra\/#breadcrumb","itemListElement":[{"@type":"ListItem","position":1,"name":"Home","item":"https:\/\/rastimozajedno.tv\/"},{"@type":"ListItem","position":2,"name":"RASTIMO ZAJEDNO od 22. do 24. novembra"}]},{"@type":"WebSite","@id":"https:\/\/rastimozajedno.tv\/#website","url":"https:\/\/rastimozajedno.tv\/","name":"Rastimo zajedno","description":"Evropski festival televizijskog stvarala\u0161tva za decu","potentialAction":[{"@type":"SearchAction","target":{"@type":"EntryPoint","urlTemplate":"https:\/\/rastimozajedno.tv\/?s={search_term_string}"},"query-input":{"@type":"PropertyValueSpecification","valueRequired":true,"valueName":"search_term_string"}}],"inLanguage":"en-US"},{"@type":"Person","@id":"https:\/\/rastimozajedno.tv\/#\/schema\/person\/917ae173008ee1a1087a2c40002497f1","name":"webiteRocks","image":{"@type":"ImageObject","inLanguage":"en-US","@id":"https:\/\/rastimozajedno.tv\/#\/schema\/person\/image\/","url":"https:\/\/secure.gravatar.com\/avatar\/3c00a579c6169502164b65946b904861ab406539cb0e23397bdddfcdb9aca7ce?s=96&d=mm&r=g","contentUrl":"https:\/\/secure.gravatar.com\/avatar\/3c00a579c6169502164b65946b904861ab406539cb0e23397bdddfcdb9aca7ce?s=96&d=mm&r=g","caption":"webiteRocks"},"sameAs":["https:\/\/rastimozajedno.webite.us"],"url":"https:\/\/rastimozajedno.tv\/en\/author\/webiterocks\/"}]}},"_links":{"self":[{"href":"https:\/\/rastimozajedno.tv\/en\/wp-json\/wp\/v2\/posts\/550","targetHints":{"allow":["GET"]}}],"collection":[{"href":"https:\/\/rastimozajedno.tv\/en\/wp-json\/wp\/v2\/posts"}],"about":[{"href":"https:\/\/rastimozajedno.tv\/en\/wp-json\/wp\/v2\/types\/post"}],"author":[{"embeddable":true,"href":"https:\/\/rastimozajedno.tv\/en\/wp-json\/wp\/v2\/users\/1"}],"replies":[{"embeddable":true,"href":"https:\/\/rastimozajedno.tv\/en\/wp-json\/wp\/v2\/comments?post=550"}],"version-history":[{"count":6,"href":"https:\/\/rastimozajedno.tv\/en\/wp-json\/wp\/v2\/posts\/550\/revisions"}],"predecessor-version":[{"id":1592,"href":"https:\/\/rastimozajedno.tv\/en\/wp-json\/wp\/v2\/posts\/550\/revisions\/1592"}],"wp:featuredmedia":[{"embeddable":true,"href":"https:\/\/rastimozajedno.tv\/en\/wp-json\/wp\/v2\/media\/561"}],"wp:attachment":[{"href":"https:\/\/rastimozajedno.tv\/en\/wp-json\/wp\/v2\/media?parent=550"}],"wp:term":[{"taxonomy":"category","embeddable":true,"href":"https:\/\/rastimozajedno.tv\/en\/wp-json\/wp\/v2\/categories?post=550"},{"taxonomy":"post_tag","embeddable":true,"href":"https:\/\/rastimozajedno.tv\/en\/wp-json\/wp\/v2\/tags?post=550"}],"curies":[{"name":"wp","href":"https:\/\/api.w.org\/{rel}","templated":true}]}}