{"id":781,"date":"2023-11-13T15:31:24","date_gmt":"2023-11-13T15:31:24","guid":{"rendered":"https:\/\/rastimozajedno.tv\/?p=781"},"modified":"2025-01-30T19:14:14","modified_gmt":"2025-01-30T19:14:14","slug":"skolska-redakcija-na-fdu","status":"publish","type":"post","link":"https:\/\/rastimozajedno.tv\/en\/skolska-redakcija-na-fdu\/","title":{"rendered":"SCHOOL PROGRAM DEPARTMENT AT FDU"},"content":{"rendered":"<p>In the age of fake news, one truth prevails. The school program is very much alive!<\/p>\n\n\n\n<p>On November 7, 2023, in the Grand cinema hall of the Faculty of Dramatic Arts in Belgrade, the editorial team of  RTS School Program presented itself  to the students.<\/p>\n\n\n\n<p>Students had the opportunity to learn about the process of producing educational content for children and youth. They also compared the content broadcasted on television with what they encounter daily on social media.<\/p>\n\n\n\n<p>During this event, the RTS School Program team introduced a new series titled \u201cLektizer\u201d, for high school students.<\/p>\n\n\n\n<figure class=\"wp-block-image size-full\"><img loading=\"lazy\" decoding=\"async\" width=\"1200\" height=\"675\" src=\"https:\/\/rastimozajedno.tv\/wp-content\/uploads\/2023\/11\/IMG_20231107_112508.webp\" alt=\"\" class=\"wp-image-782\" srcset=\"https:\/\/rastimozajedno.tv\/wp-content\/uploads\/2023\/11\/IMG_20231107_112508.webp 1200w, https:\/\/rastimozajedno.tv\/wp-content\/uploads\/2023\/11\/IMG_20231107_112508-300x169.webp 300w, https:\/\/rastimozajedno.tv\/wp-content\/uploads\/2023\/11\/IMG_20231107_112508-1024x576.webp 1024w, https:\/\/rastimozajedno.tv\/wp-content\/uploads\/2023\/11\/IMG_20231107_112508-768x432.webp 768w, https:\/\/rastimozajedno.tv\/wp-content\/uploads\/2023\/11\/IMG_20231107_112508-18x10.webp 18w\" sizes=\"auto, (max-width: 1200px) 100vw, 1200px\" \/><\/figure>\n\n\n\n<p><\/p>\n\n\n\n<figure class=\"wp-block-image size-full\"><img loading=\"lazy\" decoding=\"async\" width=\"1200\" height=\"675\" src=\"https:\/\/rastimozajedno.tv\/wp-content\/uploads\/2023\/11\/IMG_20231107_112040.webp\" alt=\"\" class=\"wp-image-783\" srcset=\"https:\/\/rastimozajedno.tv\/wp-content\/uploads\/2023\/11\/IMG_20231107_112040.webp 1200w, https:\/\/rastimozajedno.tv\/wp-content\/uploads\/2023\/11\/IMG_20231107_112040-300x169.webp 300w, https:\/\/rastimozajedno.tv\/wp-content\/uploads\/2023\/11\/IMG_20231107_112040-1024x576.webp 1024w, https:\/\/rastimozajedno.tv\/wp-content\/uploads\/2023\/11\/IMG_20231107_112040-768x432.webp 768w, https:\/\/rastimozajedno.tv\/wp-content\/uploads\/2023\/11\/IMG_20231107_112040-18x10.webp 18w\" sizes=\"auto, (max-width: 1200px) 100vw, 1200px\" \/><\/figure>\n\n\n\n<p><\/p>","protected":false},"excerpt":{"rendered":"<p>U vremenu la\u017enih vesti, jedna je ipak istinita. \u0160kolski program i te kako postoji! U Velikoj bioskopskoj sali Fakulteta dramskih umetnosti u Beogradu, 7.novembra 2023.godine, studentima se predstavila Redakcija \u0161kolskog programa RTS-a. Studenti su imali priliku da se upoznaju sa na\u010dinom na koji se proizvodi edukativni sadr\u017eaj za decu i mlade i da uporede sadr\u017eaj [&hellip;]<\/p>","protected":false},"author":1,"featured_media":786,"comment_status":"closed","ping_status":"closed","sticky":false,"template":"","format":"standard","meta":{"_acf_changed":false,"footnotes":""},"categories":[1],"tags":[],"class_list":["post-781","post","type-post","status-publish","format-standard","has-post-thumbnail","hentry","category-uncategorized"],"acf":[],"yoast_head":"<!-- This site is optimized with the Yoast SEO plugin v23.6 - https:\/\/yoast.com\/wordpress\/plugins\/seo\/ -->\n<title>\u0160KOLSKA REDAKCIJA NA FDU - Rastimo zajedno<\/title>\n<meta name=\"robots\" content=\"index, follow, max-snippet:-1, max-image-preview:large, max-video-preview:-1\" \/>\n<link rel=\"canonical\" href=\"https:\/\/rastimozajedno.tv\/en\/skolska-redakcija-na-fdu\/\" \/>\n<meta property=\"og:locale\" content=\"en_US\" \/>\n<meta property=\"og:type\" content=\"article\" \/>\n<meta property=\"og:title\" content=\"\u0160KOLSKA REDAKCIJA NA FDU - Rastimo zajedno\" \/>\n<meta property=\"og:description\" content=\"U vremenu la\u017enih vesti, jedna je ipak istinita. \u0160kolski program i te kako postoji! U Velikoj bioskopskoj sali Fakulteta dramskih umetnosti u Beogradu, 7.novembra 2023.godine, studentima se predstavila Redakcija \u0161kolskog programa RTS-a. Studenti su imali priliku da se upoznaju sa na\u010dinom na koji se proizvodi edukativni sadr\u017eaj za decu i mlade i da uporede sadr\u017eaj [&hellip;]\" \/>\n<meta property=\"og:url\" content=\"https:\/\/rastimozajedno.tv\/en\/skolska-redakcija-na-fdu\/\" \/>\n<meta property=\"og:site_name\" content=\"Rastimo zajedno\" \/>\n<meta property=\"article:published_time\" content=\"2023-11-13T15:31:24+00:00\" \/>\n<meta property=\"article:modified_time\" content=\"2025-01-30T19:14:14+00:00\" \/>\n<meta property=\"og:image\" content=\"https:\/\/rastimozajedno.tv\/wp-content\/uploads\/2023\/11\/RASTIMO-ZAJEDNO-FDU.webp\" \/>\n\t<meta property=\"og:image:width\" content=\"1050\" \/>\n\t<meta property=\"og:image:height\" content=\"1077\" \/>\n\t<meta property=\"og:image:type\" content=\"image\/webp\" \/>\n<meta name=\"author\" content=\"webiteRocks\" \/>\n<meta name=\"twitter:card\" content=\"summary_large_image\" \/>\n<meta name=\"twitter:label1\" content=\"Written by\" \/>\n\t<meta name=\"twitter:data1\" content=\"webiteRocks\" \/>\n\t<meta name=\"twitter:label2\" content=\"Est. reading time\" \/>\n\t<meta name=\"twitter:data2\" content=\"1 minute\" \/>\n<script type=\"application\/ld+json\" class=\"yoast-schema-graph\">{\"@context\":\"https:\/\/schema.org\",\"@graph\":[{\"@type\":\"WebPage\",\"@id\":\"https:\/\/rastimozajedno.tv\/skolska-redakcija-na-fdu\/\",\"url\":\"https:\/\/rastimozajedno.tv\/skolska-redakcija-na-fdu\/\",\"name\":\"\u0160KOLSKA REDAKCIJA NA FDU - Rastimo zajedno\",\"isPartOf\":{\"@id\":\"https:\/\/rastimozajedno.tv\/#website\"},\"primaryImageOfPage\":{\"@id\":\"https:\/\/rastimozajedno.tv\/skolska-redakcija-na-fdu\/#primaryimage\"},\"image\":{\"@id\":\"https:\/\/rastimozajedno.tv\/skolska-redakcija-na-fdu\/#primaryimage\"},\"thumbnailUrl\":\"https:\/\/rastimozajedno.tv\/wp-content\/uploads\/2023\/11\/RASTIMO-ZAJEDNO-FDU.webp\",\"datePublished\":\"2023-11-13T15:31:24+00:00\",\"dateModified\":\"2025-01-30T19:14:14+00:00\",\"author\":{\"@id\":\"https:\/\/rastimozajedno.tv\/#\/schema\/person\/917ae173008ee1a1087a2c40002497f1\"},\"breadcrumb\":{\"@id\":\"https:\/\/rastimozajedno.tv\/skolska-redakcija-na-fdu\/#breadcrumb\"},\"inLanguage\":\"en-US\",\"potentialAction\":[{\"@type\":\"ReadAction\",\"target\":[\"https:\/\/rastimozajedno.tv\/skolska-redakcija-na-fdu\/\"]}]},{\"@type\":\"ImageObject\",\"inLanguage\":\"en-US\",\"@id\":\"https:\/\/rastimozajedno.tv\/skolska-redakcija-na-fdu\/#primaryimage\",\"url\":\"https:\/\/rastimozajedno.tv\/wp-content\/uploads\/2023\/11\/RASTIMO-ZAJEDNO-FDU.webp\",\"contentUrl\":\"https:\/\/rastimozajedno.tv\/wp-content\/uploads\/2023\/11\/RASTIMO-ZAJEDNO-FDU.webp\",\"width\":1050,\"height\":1077},{\"@type\":\"BreadcrumbList\",\"@id\":\"https:\/\/rastimozajedno.tv\/skolska-redakcija-na-fdu\/#breadcrumb\",\"itemListElement\":[{\"@type\":\"ListItem\",\"position\":1,\"name\":\"Home\",\"item\":\"https:\/\/rastimozajedno.tv\/\"},{\"@type\":\"ListItem\",\"position\":2,\"name\":\"\u0160KOLSKA REDAKCIJA NA FDU\"}]},{\"@type\":\"WebSite\",\"@id\":\"https:\/\/rastimozajedno.tv\/#website\",\"url\":\"https:\/\/rastimozajedno.tv\/\",\"name\":\"Rastimo zajedno\",\"description\":\"Evropski festival televizijskog stvarala\u0161tva za decu\",\"potentialAction\":[{\"@type\":\"SearchAction\",\"target\":{\"@type\":\"EntryPoint\",\"urlTemplate\":\"https:\/\/rastimozajedno.tv\/?s={search_term_string}\"},\"query-input\":{\"@type\":\"PropertyValueSpecification\",\"valueRequired\":true,\"valueName\":\"search_term_string\"}}],\"inLanguage\":\"en-US\"},{\"@type\":\"Person\",\"@id\":\"https:\/\/rastimozajedno.tv\/#\/schema\/person\/917ae173008ee1a1087a2c40002497f1\",\"name\":\"webiteRocks\",\"image\":{\"@type\":\"ImageObject\",\"inLanguage\":\"en-US\",\"@id\":\"https:\/\/rastimozajedno.tv\/#\/schema\/person\/image\/\",\"url\":\"https:\/\/secure.gravatar.com\/avatar\/3c00a579c6169502164b65946b904861ab406539cb0e23397bdddfcdb9aca7ce?s=96&d=mm&r=g\",\"contentUrl\":\"https:\/\/secure.gravatar.com\/avatar\/3c00a579c6169502164b65946b904861ab406539cb0e23397bdddfcdb9aca7ce?s=96&d=mm&r=g\",\"caption\":\"webiteRocks\"},\"sameAs\":[\"https:\/\/rastimozajedno.webite.us\"],\"url\":\"https:\/\/rastimozajedno.tv\/en\/author\/webiterocks\/\"}]}<\/script>\n<!-- \/ Yoast SEO plugin. -->","yoast_head_json":{"title":"\u0160KOLSKA REDAKCIJA NA FDU - Rastimo zajedno","robots":{"index":"index","follow":"follow","max-snippet":"max-snippet:-1","max-image-preview":"max-image-preview:large","max-video-preview":"max-video-preview:-1"},"canonical":"https:\/\/rastimozajedno.tv\/en\/skolska-redakcija-na-fdu\/","og_locale":"en_US","og_type":"article","og_title":"\u0160KOLSKA REDAKCIJA NA FDU - Rastimo zajedno","og_description":"U vremenu la\u017enih vesti, jedna je ipak istinita. \u0160kolski program i te kako postoji! U Velikoj bioskopskoj sali Fakulteta dramskih umetnosti u Beogradu, 7.novembra 2023.godine, studentima se predstavila Redakcija \u0161kolskog programa RTS-a. Studenti su imali priliku da se upoznaju sa na\u010dinom na koji se proizvodi edukativni sadr\u017eaj za decu i mlade i da uporede sadr\u017eaj [&hellip;]","og_url":"https:\/\/rastimozajedno.tv\/en\/skolska-redakcija-na-fdu\/","og_site_name":"Rastimo zajedno","article_published_time":"2023-11-13T15:31:24+00:00","article_modified_time":"2025-01-30T19:14:14+00:00","og_image":[{"width":1050,"height":1077,"url":"https:\/\/rastimozajedno.tv\/wp-content\/uploads\/2023\/11\/RASTIMO-ZAJEDNO-FDU.webp","type":"image\/webp"}],"author":"webiteRocks","twitter_card":"summary_large_image","twitter_misc":{"Written by":"webiteRocks","Est. reading time":"1 minute"},"schema":{"@context":"https:\/\/schema.org","@graph":[{"@type":"WebPage","@id":"https:\/\/rastimozajedno.tv\/skolska-redakcija-na-fdu\/","url":"https:\/\/rastimozajedno.tv\/skolska-redakcija-na-fdu\/","name":"\u0160KOLSKA REDAKCIJA NA FDU - Rastimo zajedno","isPartOf":{"@id":"https:\/\/rastimozajedno.tv\/#website"},"primaryImageOfPage":{"@id":"https:\/\/rastimozajedno.tv\/skolska-redakcija-na-fdu\/#primaryimage"},"image":{"@id":"https:\/\/rastimozajedno.tv\/skolska-redakcija-na-fdu\/#primaryimage"},"thumbnailUrl":"https:\/\/rastimozajedno.tv\/wp-content\/uploads\/2023\/11\/RASTIMO-ZAJEDNO-FDU.webp","datePublished":"2023-11-13T15:31:24+00:00","dateModified":"2025-01-30T19:14:14+00:00","author":{"@id":"https:\/\/rastimozajedno.tv\/#\/schema\/person\/917ae173008ee1a1087a2c40002497f1"},"breadcrumb":{"@id":"https:\/\/rastimozajedno.tv\/skolska-redakcija-na-fdu\/#breadcrumb"},"inLanguage":"en-US","potentialAction":[{"@type":"ReadAction","target":["https:\/\/rastimozajedno.tv\/skolska-redakcija-na-fdu\/"]}]},{"@type":"ImageObject","inLanguage":"en-US","@id":"https:\/\/rastimozajedno.tv\/skolska-redakcija-na-fdu\/#primaryimage","url":"https:\/\/rastimozajedno.tv\/wp-content\/uploads\/2023\/11\/RASTIMO-ZAJEDNO-FDU.webp","contentUrl":"https:\/\/rastimozajedno.tv\/wp-content\/uploads\/2023\/11\/RASTIMO-ZAJEDNO-FDU.webp","width":1050,"height":1077},{"@type":"BreadcrumbList","@id":"https:\/\/rastimozajedno.tv\/skolska-redakcija-na-fdu\/#breadcrumb","itemListElement":[{"@type":"ListItem","position":1,"name":"Home","item":"https:\/\/rastimozajedno.tv\/"},{"@type":"ListItem","position":2,"name":"\u0160KOLSKA REDAKCIJA NA FDU"}]},{"@type":"WebSite","@id":"https:\/\/rastimozajedno.tv\/#website","url":"https:\/\/rastimozajedno.tv\/","name":"Rastimo zajedno","description":"Evropski festival televizijskog stvarala\u0161tva za decu","potentialAction":[{"@type":"SearchAction","target":{"@type":"EntryPoint","urlTemplate":"https:\/\/rastimozajedno.tv\/?s={search_term_string}"},"query-input":{"@type":"PropertyValueSpecification","valueRequired":true,"valueName":"search_term_string"}}],"inLanguage":"en-US"},{"@type":"Person","@id":"https:\/\/rastimozajedno.tv\/#\/schema\/person\/917ae173008ee1a1087a2c40002497f1","name":"webiteRocks","image":{"@type":"ImageObject","inLanguage":"en-US","@id":"https:\/\/rastimozajedno.tv\/#\/schema\/person\/image\/","url":"https:\/\/secure.gravatar.com\/avatar\/3c00a579c6169502164b65946b904861ab406539cb0e23397bdddfcdb9aca7ce?s=96&d=mm&r=g","contentUrl":"https:\/\/secure.gravatar.com\/avatar\/3c00a579c6169502164b65946b904861ab406539cb0e23397bdddfcdb9aca7ce?s=96&d=mm&r=g","caption":"webiteRocks"},"sameAs":["https:\/\/rastimozajedno.webite.us"],"url":"https:\/\/rastimozajedno.tv\/en\/author\/webiterocks\/"}]}},"_links":{"self":[{"href":"https:\/\/rastimozajedno.tv\/en\/wp-json\/wp\/v2\/posts\/781","targetHints":{"allow":["GET"]}}],"collection":[{"href":"https:\/\/rastimozajedno.tv\/en\/wp-json\/wp\/v2\/posts"}],"about":[{"href":"https:\/\/rastimozajedno.tv\/en\/wp-json\/wp\/v2\/types\/post"}],"author":[{"embeddable":true,"href":"https:\/\/rastimozajedno.tv\/en\/wp-json\/wp\/v2\/users\/1"}],"replies":[{"embeddable":true,"href":"https:\/\/rastimozajedno.tv\/en\/wp-json\/wp\/v2\/comments?post=781"}],"version-history":[{"count":7,"href":"https:\/\/rastimozajedno.tv\/en\/wp-json\/wp\/v2\/posts\/781\/revisions"}],"predecessor-version":[{"id":1589,"href":"https:\/\/rastimozajedno.tv\/en\/wp-json\/wp\/v2\/posts\/781\/revisions\/1589"}],"wp:featuredmedia":[{"embeddable":true,"href":"https:\/\/rastimozajedno.tv\/en\/wp-json\/wp\/v2\/media\/786"}],"wp:attachment":[{"href":"https:\/\/rastimozajedno.tv\/en\/wp-json\/wp\/v2\/media?parent=781"}],"wp:term":[{"taxonomy":"category","embeddable":true,"href":"https:\/\/rastimozajedno.tv\/en\/wp-json\/wp\/v2\/categories?post=781"},{"taxonomy":"post_tag","embeddable":true,"href":"https:\/\/rastimozajedno.tv\/en\/wp-json\/wp\/v2\/tags?post=781"}],"curies":[{"name":"wp","href":"https:\/\/api.w.org\/{rel}","templated":true}]}}