{"id":980,"date":"2023-11-22T09:15:03","date_gmt":"2023-11-22T09:15:03","guid":{"rendered":"https:\/\/rastimozajedno.tv\/?p=980"},"modified":"2025-01-30T19:14:32","modified_gmt":"2025-01-30T19:14:32","slug":"otvoren-je-prvi-evropski-festival-televizijskog-stvaralastva-za-decu-rastimo-zajedno","status":"publish","type":"post","link":"https:\/\/rastimozajedno.tv\/en\/otvoren-je-prvi-evropski-festival-televizijskog-stvaralastva-za-decu-rastimo-zajedno\/","title":{"rendered":"THE FIRST EUROPEAN FESTIVAL OF TELEVISION CREATIVITY FOR CHILDREN LET\u2019S GROW TOGETHER IS NOW OPEN"},"content":{"rendered":"<p>The first European festival of Television Creativity for Children LET\u2019S GROW TOGETHER, has officially opened at the Pinocchio Puppet Theater, organized by<strong> <span class=\"CyrLatIgnore\">the Art Beat Center<\/span><\/strong> and <strong>Radio-Television of Serbia<\/strong>.  The festival\u2019s opening ceremony was graced by the Kolibri Choirand featured prominent figures from the tv shows of the RTS School Program and <span class=\"CyrLatIgnore\">the Art Beat Center<\/span>.<\/p>\n\n\n\n<p>Children from the first to fourth grades of elementary school accompanied by teachers, had the opportunity to attend screenings of TV shows and series for children and youth from European and regional public broadcasters, as well as European independent productions.<\/p>\n\n\n\n<figure class=\"wp-block-image size-full is-resized\"><img loading=\"lazy\" decoding=\"async\" width=\"1040\" height=\"715\" src=\"https:\/\/rastimozajedno.tv\/wp-content\/uploads\/2023\/11\/1-1.webp\" alt=\"\" class=\"wp-image-984\" style=\"width:1031px;height:auto\" srcset=\"https:\/\/rastimozajedno.tv\/wp-content\/uploads\/2023\/11\/1-1.webp 1040w, https:\/\/rastimozajedno.tv\/wp-content\/uploads\/2023\/11\/1-1-300x206.webp 300w, https:\/\/rastimozajedno.tv\/wp-content\/uploads\/2023\/11\/1-1-1024x704.webp 1024w, https:\/\/rastimozajedno.tv\/wp-content\/uploads\/2023\/11\/1-1-768x528.webp 768w, https:\/\/rastimozajedno.tv\/wp-content\/uploads\/2023\/11\/1-1-18x12.webp 18w\" sizes=\"auto, (max-width: 1040px) 100vw, 1040px\" \/><\/figure>\n\n\n\n<p><\/p>\n\n\n\n<figure class=\"wp-block-image size-full\"><img loading=\"lazy\" decoding=\"async\" width=\"1040\" height=\"762\" src=\"https:\/\/rastimozajedno.tv\/wp-content\/uploads\/2023\/11\/2-1.webp\" alt=\"\" class=\"wp-image-985\" srcset=\"https:\/\/rastimozajedno.tv\/wp-content\/uploads\/2023\/11\/2-1.webp 1040w, https:\/\/rastimozajedno.tv\/wp-content\/uploads\/2023\/11\/2-1-300x220.webp 300w, https:\/\/rastimozajedno.tv\/wp-content\/uploads\/2023\/11\/2-1-1024x750.webp 1024w, https:\/\/rastimozajedno.tv\/wp-content\/uploads\/2023\/11\/2-1-768x563.webp 768w, https:\/\/rastimozajedno.tv\/wp-content\/uploads\/2023\/11\/2-1-16x12.webp 16w\" sizes=\"auto, (max-width: 1040px) 100vw, 1040px\" \/><\/figure>\n\n\n\n<p><\/p>\n\n\n\n<figure class=\"wp-block-image size-full\"><img loading=\"lazy\" decoding=\"async\" width=\"1040\" height=\"724\" src=\"https:\/\/rastimozajedno.tv\/wp-content\/uploads\/2023\/11\/3-1.webp\" alt=\"\" class=\"wp-image-986\" srcset=\"https:\/\/rastimozajedno.tv\/wp-content\/uploads\/2023\/11\/3-1.webp 1040w, https:\/\/rastimozajedno.tv\/wp-content\/uploads\/2023\/11\/3-1-300x209.webp 300w, https:\/\/rastimozajedno.tv\/wp-content\/uploads\/2023\/11\/3-1-1024x713.webp 1024w, https:\/\/rastimozajedno.tv\/wp-content\/uploads\/2023\/11\/3-1-768x535.webp 768w, https:\/\/rastimozajedno.tv\/wp-content\/uploads\/2023\/11\/3-1-18x12.webp 18w\" sizes=\"auto, (max-width: 1040px) 100vw, 1040px\" \/><\/figure>\n\n\n\n<p><\/p>","protected":false},"excerpt":{"rendered":"<p>U Pozori\u0161tu lutaka \u201c Pinokio\u201d, zvani\u010dno je otvoren prvi Evropski festival televizijskog stvarala\u0161tva za decu RASTIMO ZAJEDNO, u organizaciji Art Beat Centra i Radio -televizije Srbije. Sve\u010dano otvaranje festivala uveli\u010dao je Hor Kolibri, kao i za\u0161titna lica serija Redakcije \u0161kolskog programa RTS-a i Art Beat Centra. Deca od prvog do \u010detvrtog razreda osnovne \u0161kole, sa [&hellip;]<\/p>","protected":false},"author":1,"featured_media":989,"comment_status":"closed","ping_status":"closed","sticky":false,"template":"","format":"standard","meta":{"_acf_changed":false,"footnotes":""},"categories":[1],"tags":[],"class_list":["post-980","post","type-post","status-publish","format-standard","has-post-thumbnail","hentry","category-uncategorized"],"acf":[],"yoast_head":"<!-- This site is optimized with the Yoast SEO plugin v23.6 - https:\/\/yoast.com\/wordpress\/plugins\/seo\/ -->\n<title>OTVOREN JE PRVI EVROPSKI FESTIVAL TELEVIZIJSKOG STVARALA\u0160TVA ZA DECU\u00a0 RASTIMO ZAJEDNO - Rastimo zajedno<\/title>\n<meta name=\"robots\" content=\"index, follow, max-snippet:-1, max-image-preview:large, max-video-preview:-1\" \/>\n<link rel=\"canonical\" href=\"https:\/\/rastimozajedno.tv\/en\/otvoren-je-prvi-evropski-festival-televizijskog-stvaralastva-za-decu-rastimo-zajedno\/\" \/>\n<meta property=\"og:locale\" content=\"en_US\" \/>\n<meta property=\"og:type\" content=\"article\" \/>\n<meta property=\"og:title\" content=\"OTVOREN JE PRVI EVROPSKI FESTIVAL TELEVIZIJSKOG STVARALA\u0160TVA ZA DECU\u00a0 RASTIMO ZAJEDNO - Rastimo zajedno\" \/>\n<meta property=\"og:description\" content=\"U Pozori\u0161tu lutaka \u201c Pinokio\u201d, zvani\u010dno je otvoren prvi Evropski festival televizijskog stvarala\u0161tva za decu RASTIMO ZAJEDNO, u organizaciji Art Beat Centra i Radio -televizije Srbije. Sve\u010dano otvaranje festivala uveli\u010dao je Hor Kolibri, kao i za\u0161titna lica serija Redakcije \u0161kolskog programa RTS-a i Art Beat Centra. Deca od prvog do \u010detvrtog razreda osnovne \u0161kole, sa [&hellip;]\" \/>\n<meta property=\"og:url\" content=\"https:\/\/rastimozajedno.tv\/en\/otvoren-je-prvi-evropski-festival-televizijskog-stvaralastva-za-decu-rastimo-zajedno\/\" \/>\n<meta property=\"og:site_name\" content=\"Rastimo zajedno\" \/>\n<meta property=\"article:published_time\" content=\"2023-11-22T09:15:03+00:00\" \/>\n<meta property=\"article:modified_time\" content=\"2025-01-30T19:14:32+00:00\" \/>\n<meta property=\"og:image\" content=\"https:\/\/rastimozajedno.tv\/wp-content\/uploads\/2023\/11\/NASLOVNA-1.webp\" \/>\n\t<meta property=\"og:image:width\" content=\"1040\" \/>\n\t<meta property=\"og:image:height\" content=\"723\" \/>\n\t<meta property=\"og:image:type\" content=\"image\/webp\" \/>\n<meta name=\"author\" content=\"webiteRocks\" \/>\n<meta name=\"twitter:card\" content=\"summary_large_image\" \/>\n<meta name=\"twitter:label1\" content=\"Written by\" \/>\n\t<meta name=\"twitter:data1\" content=\"webiteRocks\" \/>\n\t<meta name=\"twitter:label2\" content=\"Est. reading time\" \/>\n\t<meta name=\"twitter:data2\" content=\"2 minutes\" \/>\n<script type=\"application\/ld+json\" class=\"yoast-schema-graph\">{\"@context\":\"https:\/\/schema.org\",\"@graph\":[{\"@type\":\"WebPage\",\"@id\":\"https:\/\/rastimozajedno.tv\/otvoren-je-prvi-evropski-festival-televizijskog-stvaralastva-za-decu-rastimo-zajedno\/\",\"url\":\"https:\/\/rastimozajedno.tv\/otvoren-je-prvi-evropski-festival-televizijskog-stvaralastva-za-decu-rastimo-zajedno\/\",\"name\":\"OTVOREN JE PRVI EVROPSKI FESTIVAL TELEVIZIJSKOG STVARALA\u0160TVA ZA DECU\u00a0 RASTIMO ZAJEDNO - Rastimo zajedno\",\"isPartOf\":{\"@id\":\"https:\/\/rastimozajedno.tv\/#website\"},\"primaryImageOfPage\":{\"@id\":\"https:\/\/rastimozajedno.tv\/otvoren-je-prvi-evropski-festival-televizijskog-stvaralastva-za-decu-rastimo-zajedno\/#primaryimage\"},\"image\":{\"@id\":\"https:\/\/rastimozajedno.tv\/otvoren-je-prvi-evropski-festival-televizijskog-stvaralastva-za-decu-rastimo-zajedno\/#primaryimage\"},\"thumbnailUrl\":\"https:\/\/rastimozajedno.tv\/wp-content\/uploads\/2023\/11\/NASLOVNA-1.webp\",\"datePublished\":\"2023-11-22T09:15:03+00:00\",\"dateModified\":\"2025-01-30T19:14:32+00:00\",\"author\":{\"@id\":\"https:\/\/rastimozajedno.tv\/#\/schema\/person\/917ae173008ee1a1087a2c40002497f1\"},\"breadcrumb\":{\"@id\":\"https:\/\/rastimozajedno.tv\/otvoren-je-prvi-evropski-festival-televizijskog-stvaralastva-za-decu-rastimo-zajedno\/#breadcrumb\"},\"inLanguage\":\"en-US\",\"potentialAction\":[{\"@type\":\"ReadAction\",\"target\":[\"https:\/\/rastimozajedno.tv\/otvoren-je-prvi-evropski-festival-televizijskog-stvaralastva-za-decu-rastimo-zajedno\/\"]}]},{\"@type\":\"ImageObject\",\"inLanguage\":\"en-US\",\"@id\":\"https:\/\/rastimozajedno.tv\/otvoren-je-prvi-evropski-festival-televizijskog-stvaralastva-za-decu-rastimo-zajedno\/#primaryimage\",\"url\":\"https:\/\/rastimozajedno.tv\/wp-content\/uploads\/2023\/11\/NASLOVNA-1.webp\",\"contentUrl\":\"https:\/\/rastimozajedno.tv\/wp-content\/uploads\/2023\/11\/NASLOVNA-1.webp\",\"width\":1040,\"height\":723},{\"@type\":\"BreadcrumbList\",\"@id\":\"https:\/\/rastimozajedno.tv\/otvoren-je-prvi-evropski-festival-televizijskog-stvaralastva-za-decu-rastimo-zajedno\/#breadcrumb\",\"itemListElement\":[{\"@type\":\"ListItem\",\"position\":1,\"name\":\"Home\",\"item\":\"https:\/\/rastimozajedno.tv\/\"},{\"@type\":\"ListItem\",\"position\":2,\"name\":\"OTVOREN JE PRVI EVROPSKI FESTIVAL TELEVIZIJSKOG STVARALA\u0160TVA ZA DECU\u00a0 RASTIMO ZAJEDNO\"}]},{\"@type\":\"WebSite\",\"@id\":\"https:\/\/rastimozajedno.tv\/#website\",\"url\":\"https:\/\/rastimozajedno.tv\/\",\"name\":\"Rastimo zajedno\",\"description\":\"Evropski festival televizijskog stvarala\u0161tva za decu\",\"potentialAction\":[{\"@type\":\"SearchAction\",\"target\":{\"@type\":\"EntryPoint\",\"urlTemplate\":\"https:\/\/rastimozajedno.tv\/?s={search_term_string}\"},\"query-input\":{\"@type\":\"PropertyValueSpecification\",\"valueRequired\":true,\"valueName\":\"search_term_string\"}}],\"inLanguage\":\"en-US\"},{\"@type\":\"Person\",\"@id\":\"https:\/\/rastimozajedno.tv\/#\/schema\/person\/917ae173008ee1a1087a2c40002497f1\",\"name\":\"webiteRocks\",\"image\":{\"@type\":\"ImageObject\",\"inLanguage\":\"en-US\",\"@id\":\"https:\/\/rastimozajedno.tv\/#\/schema\/person\/image\/\",\"url\":\"https:\/\/secure.gravatar.com\/avatar\/3c00a579c6169502164b65946b904861ab406539cb0e23397bdddfcdb9aca7ce?s=96&d=mm&r=g\",\"contentUrl\":\"https:\/\/secure.gravatar.com\/avatar\/3c00a579c6169502164b65946b904861ab406539cb0e23397bdddfcdb9aca7ce?s=96&d=mm&r=g\",\"caption\":\"webiteRocks\"},\"sameAs\":[\"https:\/\/rastimozajedno.webite.us\"],\"url\":\"https:\/\/rastimozajedno.tv\/en\/author\/webiterocks\/\"}]}<\/script>\n<!-- \/ Yoast SEO plugin. -->","yoast_head_json":{"title":"OTVOREN JE PRVI EVROPSKI FESTIVAL TELEVIZIJSKOG STVARALA\u0160TVA ZA DECU\u00a0 RASTIMO ZAJEDNO - Rastimo zajedno","robots":{"index":"index","follow":"follow","max-snippet":"max-snippet:-1","max-image-preview":"max-image-preview:large","max-video-preview":"max-video-preview:-1"},"canonical":"https:\/\/rastimozajedno.tv\/en\/otvoren-je-prvi-evropski-festival-televizijskog-stvaralastva-za-decu-rastimo-zajedno\/","og_locale":"en_US","og_type":"article","og_title":"OTVOREN JE PRVI EVROPSKI FESTIVAL TELEVIZIJSKOG STVARALA\u0160TVA ZA DECU\u00a0 RASTIMO ZAJEDNO - Rastimo zajedno","og_description":"U Pozori\u0161tu lutaka \u201c Pinokio\u201d, zvani\u010dno je otvoren prvi Evropski festival televizijskog stvarala\u0161tva za decu RASTIMO ZAJEDNO, u organizaciji Art Beat Centra i Radio -televizije Srbije. Sve\u010dano otvaranje festivala uveli\u010dao je Hor Kolibri, kao i za\u0161titna lica serija Redakcije \u0161kolskog programa RTS-a i Art Beat Centra. Deca od prvog do \u010detvrtog razreda osnovne \u0161kole, sa [&hellip;]","og_url":"https:\/\/rastimozajedno.tv\/en\/otvoren-je-prvi-evropski-festival-televizijskog-stvaralastva-za-decu-rastimo-zajedno\/","og_site_name":"Rastimo zajedno","article_published_time":"2023-11-22T09:15:03+00:00","article_modified_time":"2025-01-30T19:14:32+00:00","og_image":[{"width":1040,"height":723,"url":"https:\/\/rastimozajedno.tv\/wp-content\/uploads\/2023\/11\/NASLOVNA-1.webp","type":"image\/webp"}],"author":"webiteRocks","twitter_card":"summary_large_image","twitter_misc":{"Written by":"webiteRocks","Est. reading time":"2 minutes"},"schema":{"@context":"https:\/\/schema.org","@graph":[{"@type":"WebPage","@id":"https:\/\/rastimozajedno.tv\/otvoren-je-prvi-evropski-festival-televizijskog-stvaralastva-za-decu-rastimo-zajedno\/","url":"https:\/\/rastimozajedno.tv\/otvoren-je-prvi-evropski-festival-televizijskog-stvaralastva-za-decu-rastimo-zajedno\/","name":"OTVOREN JE PRVI EVROPSKI FESTIVAL TELEVIZIJSKOG STVARALA\u0160TVA ZA DECU\u00a0 RASTIMO ZAJEDNO - Rastimo zajedno","isPartOf":{"@id":"https:\/\/rastimozajedno.tv\/#website"},"primaryImageOfPage":{"@id":"https:\/\/rastimozajedno.tv\/otvoren-je-prvi-evropski-festival-televizijskog-stvaralastva-za-decu-rastimo-zajedno\/#primaryimage"},"image":{"@id":"https:\/\/rastimozajedno.tv\/otvoren-je-prvi-evropski-festival-televizijskog-stvaralastva-za-decu-rastimo-zajedno\/#primaryimage"},"thumbnailUrl":"https:\/\/rastimozajedno.tv\/wp-content\/uploads\/2023\/11\/NASLOVNA-1.webp","datePublished":"2023-11-22T09:15:03+00:00","dateModified":"2025-01-30T19:14:32+00:00","author":{"@id":"https:\/\/rastimozajedno.tv\/#\/schema\/person\/917ae173008ee1a1087a2c40002497f1"},"breadcrumb":{"@id":"https:\/\/rastimozajedno.tv\/otvoren-je-prvi-evropski-festival-televizijskog-stvaralastva-za-decu-rastimo-zajedno\/#breadcrumb"},"inLanguage":"en-US","potentialAction":[{"@type":"ReadAction","target":["https:\/\/rastimozajedno.tv\/otvoren-je-prvi-evropski-festival-televizijskog-stvaralastva-za-decu-rastimo-zajedno\/"]}]},{"@type":"ImageObject","inLanguage":"en-US","@id":"https:\/\/rastimozajedno.tv\/otvoren-je-prvi-evropski-festival-televizijskog-stvaralastva-za-decu-rastimo-zajedno\/#primaryimage","url":"https:\/\/rastimozajedno.tv\/wp-content\/uploads\/2023\/11\/NASLOVNA-1.webp","contentUrl":"https:\/\/rastimozajedno.tv\/wp-content\/uploads\/2023\/11\/NASLOVNA-1.webp","width":1040,"height":723},{"@type":"BreadcrumbList","@id":"https:\/\/rastimozajedno.tv\/otvoren-je-prvi-evropski-festival-televizijskog-stvaralastva-za-decu-rastimo-zajedno\/#breadcrumb","itemListElement":[{"@type":"ListItem","position":1,"name":"Home","item":"https:\/\/rastimozajedno.tv\/"},{"@type":"ListItem","position":2,"name":"OTVOREN JE PRVI EVROPSKI FESTIVAL TELEVIZIJSKOG STVARALA\u0160TVA ZA DECU\u00a0 RASTIMO ZAJEDNO"}]},{"@type":"WebSite","@id":"https:\/\/rastimozajedno.tv\/#website","url":"https:\/\/rastimozajedno.tv\/","name":"Rastimo zajedno","description":"Evropski festival televizijskog stvarala\u0161tva za decu","potentialAction":[{"@type":"SearchAction","target":{"@type":"EntryPoint","urlTemplate":"https:\/\/rastimozajedno.tv\/?s={search_term_string}"},"query-input":{"@type":"PropertyValueSpecification","valueRequired":true,"valueName":"search_term_string"}}],"inLanguage":"en-US"},{"@type":"Person","@id":"https:\/\/rastimozajedno.tv\/#\/schema\/person\/917ae173008ee1a1087a2c40002497f1","name":"webiteRocks","image":{"@type":"ImageObject","inLanguage":"en-US","@id":"https:\/\/rastimozajedno.tv\/#\/schema\/person\/image\/","url":"https:\/\/secure.gravatar.com\/avatar\/3c00a579c6169502164b65946b904861ab406539cb0e23397bdddfcdb9aca7ce?s=96&d=mm&r=g","contentUrl":"https:\/\/secure.gravatar.com\/avatar\/3c00a579c6169502164b65946b904861ab406539cb0e23397bdddfcdb9aca7ce?s=96&d=mm&r=g","caption":"webiteRocks"},"sameAs":["https:\/\/rastimozajedno.webite.us"],"url":"https:\/\/rastimozajedno.tv\/en\/author\/webiterocks\/"}]}},"_links":{"self":[{"href":"https:\/\/rastimozajedno.tv\/en\/wp-json\/wp\/v2\/posts\/980","targetHints":{"allow":["GET"]}}],"collection":[{"href":"https:\/\/rastimozajedno.tv\/en\/wp-json\/wp\/v2\/posts"}],"about":[{"href":"https:\/\/rastimozajedno.tv\/en\/wp-json\/wp\/v2\/types\/post"}],"author":[{"embeddable":true,"href":"https:\/\/rastimozajedno.tv\/en\/wp-json\/wp\/v2\/users\/1"}],"replies":[{"embeddable":true,"href":"https:\/\/rastimozajedno.tv\/en\/wp-json\/wp\/v2\/comments?post=980"}],"version-history":[{"count":8,"href":"https:\/\/rastimozajedno.tv\/en\/wp-json\/wp\/v2\/posts\/980\/revisions"}],"predecessor-version":[{"id":1590,"href":"https:\/\/rastimozajedno.tv\/en\/wp-json\/wp\/v2\/posts\/980\/revisions\/1590"}],"wp:featuredmedia":[{"embeddable":true,"href":"https:\/\/rastimozajedno.tv\/en\/wp-json\/wp\/v2\/media\/989"}],"wp:attachment":[{"href":"https:\/\/rastimozajedno.tv\/en\/wp-json\/wp\/v2\/media?parent=980"}],"wp:term":[{"taxonomy":"category","embeddable":true,"href":"https:\/\/rastimozajedno.tv\/en\/wp-json\/wp\/v2\/categories?post=980"},{"taxonomy":"post_tag","embeddable":true,"href":"https:\/\/rastimozajedno.tv\/en\/wp-json\/wp\/v2\/tags?post=980"}],"curies":[{"name":"wp","href":"https:\/\/api.w.org\/{rel}","templated":true}]}}