{"id":995,"date":"2023-11-24T16:41:56","date_gmt":"2023-11-24T16:41:56","guid":{"rendered":"https:\/\/rastimozajedno.tv\/?p=995"},"modified":"2025-01-30T19:14:39","modified_gmt":"2025-01-30T19:14:39","slug":"ziri-evropskog-festivala-televizijskog-stvaralastva-za-decu-rastimo-zajedno","status":"publish","type":"post","link":"https:\/\/rastimozajedno.tv\/en\/ziri-evropskog-festivala-televizijskog-stvaralastva-za-decu-rastimo-zajedno\/","title":{"rendered":"Jury"},"content":{"rendered":"<div class=\"home-hero-block wrapper-s\">\n    \n        <div class=\"home-hero-block-inner\">    \n           \n                          \n                                                                \n                   <p>&nbsp;<\/p>\n<div style=\"width: 1920px;\" class=\"wp-video\"><video class=\"wp-video-shortcode\" id=\"video-995-1\" width=\"1920\" height=\"1080\" preload=\"metadata\" controls=\"controls\"><source type=\"video\/mp4\" src=\"https:\/\/rastimozajedno.tv\/wp-content\/uploads\/2023\/11\/d08a1be6-3cfd-4e9b-b15e-cd1d07ef03be.mp4?_=1\" \/><a href=\"https:\/\/rastimozajedno.tv\/wp-content\/uploads\/2023\/11\/d08a1be6-3cfd-4e9b-b15e-cd1d07ef03be.mp4\">https:\/\/rastimozajedno.tv\/wp-content\/uploads\/2023\/11\/d08a1be6-3cfd-4e9b-b15e-cd1d07ef03be.mp4<\/a><\/video><\/div>\n                                   \n                                    \n                    <h1 class=\"poziv\">JURY<\/h1>\n                                    \n                    <p class=\"tekst-ispod\">European festival of television creativity for children LET'S GROW TOGETHER<\/p>\n                 \n        <\/div>        \n\n<\/div>\n\n\n\n\n\n    <div class=\"beocode-image-text-repeater-block wrapper-s padding-top-small\">\n   \n                <div class=\"row-1 repeater-block-inner image-l row middle-lg\">\n\n\n                    <div class=\"col-xs-12 col-lg-6 image-bc\">                     \n               \n                                                    <img decoding=\"async\" class=\"block-img\" src=\"https:\/\/rastimozajedno.tv\/wp-content\/uploads\/2023\/11\/Elma-1024x1018.jpg\" alt=\"\" width=\"1024\" height=\"1024\" loading=\"lazy\" \/>\n                           \n                    <\/div>             \n                    <div class=\"content col-xs-12 col-lg-6\">\n\n                                                    <h3>ELMA \u010cAU\u0160EVI\u0106<\/h3>\n<p>Editor and producer, specialized in developing and producing content for children and young people.\u00a0She has worked in the electronic media industry for over 15 years. For the last six, she has been working at Eurovision News Exchange for Southeast Europe - (ERNO) in Sarajevo.\u00a0In addition to her daily work on the exchange of daily social and political news in 11 countries of Southeast Europe, she works as an executive producer in the ERNO Office on the development of content and programs for children and young people on public services in the countries of the Western Balkans with the help of the EU.\u00a0She points out the production of quality TV programs and teaching young journalists how to work in newsrooms and for specific programs as the most valuable experience.\u00a0She is an expert in developing programs for children and youth, the complete creation of the program - from budgeting to the final product.\u00a0For many years, she worked at Radio Television of Bosnia and Herzegovina (BHRT), Radio Television of the Federation of Bosnia and Herzegovina (RTVFBIH), and Radio Stari Grad Sarajevo.\u00a0As an editor, journalist, and reporter, she worked in various areas of TV and radio journalism: leading live programs, documentary portraits, live broadcasts, daily and weekly magazine formats, and news programs.\u00a0She is also responsible for coordination in the field of online production and exchange of documentary programs between public broadcasting services in the region of Southeast Europe, as well as for monitoring, verification, and provision of social media content for the social media community of the European Broadcasting Union (EBU).<\/p>\n                          \n     \n                     <\/div>\n                 <\/div>\n\n\n                <div class=\"row-2 repeater-block-inner image-r row middle-lg reverse\">\n\n\n                    <div class=\"col-xs-12 col-lg-6 image-bc\">                     \n               \n                                                    <img decoding=\"async\" class=\"block-img\" src=\"https:\/\/rastimozajedno.tv\/wp-content\/uploads\/2023\/11\/foto_dunja-1024x1024.webp\" alt=\"\" width=\"1024\" height=\"1024\" loading=\"lazy\" \/>\n                           \n                    <\/div>             \n                    <div class=\"content col-xs-12 col-lg-6\">\n\n                                                    <h3>DUNJA KARLOV\u0160EK<\/h3>\n<p>Media psychologist, content creator<br \/>\nChildren's and Youth Programmes, RTV Slovenija<\/p>\n<p>Dunja Karlovsek is a media psychologist, specialised in children\u2019s and youth content. For eight years she has been working at a national television station RTV Slovenija as a content creator in Children and Youth\u2019s Programmes in various areas: live action shows, doku portraits and live broadcast for young audiences. She also collaborates with the National Institute of Public Health of Slovenia preparing media guidlines for kids all ages.<\/p>\n                          \n     \n                     <\/div>\n                 <\/div>\n\n\n                <div class=\"row-3 repeater-block-inner image-l row middle-lg\">\n\n\n                    <div class=\"col-xs-12 col-lg-6 image-bc\">                     \n               \n                                                    <img decoding=\"async\" class=\"block-img\" src=\"https:\/\/rastimozajedno.tv\/wp-content\/uploads\/2023\/11\/Milan-Stojanovic-1-1024x1024.webp\" alt=\"\" width=\"1024\" height=\"1024\" loading=\"lazy\" \/>\n                           \n                    <\/div>             \n                    <div class=\"content col-xs-12 col-lg-6\">\n\n                                                    <h3>MILAN STOJANOVI\u0106<\/h3>\n<p>Milan Stojanovi\u0107 is the producer of HOW I LEARNED TO FLY \/ LETO KADA SAM NAU\u010cILA DA LETIM, a hit children film from 2022, which was seen by more than 250.000 people in the region and won over 30 awards. Milan also produced OASIS \/ OAZA (2020 \/ Venice Days), WORKING CLASS GOES TO HELL \/ RADNI\u010cKA KLASA IDE U PAKAO (2023 \/ Toronto IFF) and BARBARIANS \/ VARVARI (2014 \/ Karlovy Vary IFF).<br \/>\nMilan is assistant professor at the Faculty of Drama Arts in Belgrade and a member of the European Film Academy. He is one of the founders of Filmkultura, Association for Education in Audiovisual Culture.<\/p>\n                          \n     \n                     <\/div>\n                 <\/div>\n\n\n                <div class=\"row-4 repeater-block-inner image-r row middle-lg reverse\">\n\n\n                    <div class=\"col-xs-12 col-lg-6 image-bc\">                     \n               \n                                                    <img decoding=\"async\" class=\"block-img\" src=\"https:\/\/rastimozajedno.tv\/wp-content\/uploads\/2023\/11\/Johanna-Smith-Yle-1024x1024.webp\" alt=\"\" width=\"1024\" height=\"1024\" loading=\"lazy\" \/>\n                           \n                    <\/div>             \n                    <div class=\"content col-xs-12 col-lg-6\">\n\n                                                    <h3>JOHANNA SMITH<\/h3>\n<p>Director, scriptwriter, concept creator<br \/>\n<span class=\"CyrLatIgnore\">Yle<\/span> Finnish Broadcasting Company<br \/>\nDuring my sixteen years in <span class=\"CyrLatIgnore\">Yle<\/span> Children's Programs I have worked as a director and content creator with various genres: infotainment series, live action magazine programs, game shows, concerts, music and dance programs and animation. My field of professional expertise varies from multi-camera directing to single camerawork productions. In addition I have directed fiction  in such drama series as Advent Calendar and 13-part youth series <span class=\"CyrLatIgnore\">Sori siit\u00e4. I\u2019ve been awarded the KOURA (Education Fund) Honorary Award for the Best Children\u2019s Television Program of the Year for <span class=\"CyrLatIgnore\">Pikku Porriainen<\/span> (2017) and <span class=\"CyrLatIgnore\">Nalle Talvi<\/span> (2018).\u201d<\/span><\/p>\n                          \n     \n                     <\/div>\n                 <\/div>\n\n\n                <div class=\"row-5 repeater-block-inner image-l row middle-lg\">\n\n\n                    <div class=\"col-xs-12 col-lg-6 image-bc\">                     \n               \n                                                    <img decoding=\"async\" class=\"block-img\" src=\"https:\/\/rastimozajedno.tv\/wp-content\/uploads\/2023\/11\/S1-1024x1024.webp\" alt=\"\" width=\"1024\" height=\"1024\" loading=\"lazy\" \/>\n                           \n                    <\/div>             \n                    <div class=\"content col-xs-12 col-lg-6\">\n\n                                                    <h3>SILVA SKENDER<\/h3>\n<p>\u201cDuring my 27 years of work at HRT, I gained experience by working in different program segments (assistant director, journalist, presenter, editor - presenter, program editor etc.)<br \/>\nIn the period from 2002 to 2004, I was the editor of the School Program (2002-2004) and the editor of the Children's Program (2003-2004).<br \/>\nIn the period from 2003 to 2006 (and 2015), I led the Eurovision Children's Song project, organized national elections and was a member of the JESC Board of Directors.<br \/>\nIn 2021 I was a member of the jury for preschool programs of Japan price festival.<br \/>\nI am currently working as a coordinating editor in the Program for Children and Youth and as screenwriter and editor in Entertainment Program.\u201d<\/p>\n                          \n     \n                     <\/div>\n                 <\/div>\n\n\n            <\/div>\n\n\n\n\n\n<div style=\"height:26px\" aria-hidden=\"true\" class=\"wp-block-spacer\"><\/div>","protected":false},"excerpt":{"rendered":"","protected":false},"author":1,"featured_media":87,"comment_status":"closed","ping_status":"closed","sticky":false,"template":"","format":"standard","meta":{"_acf_changed":false,"footnotes":""},"categories":[1],"tags":[],"class_list":["post-995","post","type-post","status-publish","format-standard","has-post-thumbnail","hentry","category-uncategorized"],"acf":[],"yoast_head":"<!-- This site is optimized with the Yoast SEO plugin v23.6 - https:\/\/yoast.com\/wordpress\/plugins\/seo\/ -->\n<title>\u017diri evropskog festivala televizijskog stvarala\u0161tva za decu RASTIMO ZAJEDNO - Rastimo zajedno<\/title>\n<meta name=\"robots\" content=\"index, follow, max-snippet:-1, max-image-preview:large, max-video-preview:-1\" \/>\n<link rel=\"canonical\" href=\"https:\/\/rastimozajedno.tv\/en\/ziri-evropskog-festivala-televizijskog-stvaralastva-za-decu-rastimo-zajedno\/\" \/>\n<meta property=\"og:locale\" content=\"en_US\" \/>\n<meta property=\"og:type\" content=\"article\" \/>\n<meta property=\"og:title\" content=\"\u017diri evropskog festivala televizijskog stvarala\u0161tva za decu RASTIMO ZAJEDNO - Rastimo zajedno\" \/>\n<meta property=\"og:url\" content=\"https:\/\/rastimozajedno.tv\/en\/ziri-evropskog-festivala-televizijskog-stvaralastva-za-decu-rastimo-zajedno\/\" \/>\n<meta property=\"og:site_name\" content=\"Rastimo zajedno\" \/>\n<meta property=\"article:published_time\" content=\"2023-11-24T16:41:56+00:00\" \/>\n<meta property=\"article:modified_time\" content=\"2025-01-30T19:14:39+00:00\" \/>\n<meta property=\"og:image\" content=\"https:\/\/rastimozajedno.tv\/wp-content\/uploads\/2023\/06\/rastimo-zajedno.png\" \/>\n\t<meta property=\"og:image:width\" content=\"343\" \/>\n\t<meta property=\"og:image:height\" content=\"167\" \/>\n\t<meta property=\"og:image:type\" content=\"image\/png\" \/>\n<meta name=\"author\" content=\"webiteRocks\" \/>\n<meta name=\"twitter:card\" content=\"summary_large_image\" \/>\n<meta name=\"twitter:label1\" content=\"Written by\" \/>\n\t<meta name=\"twitter:data1\" content=\"webiteRocks\" \/>\n\t<meta name=\"twitter:label2\" content=\"Est. reading time\" \/>\n\t<meta name=\"twitter:data2\" content=\"1 minute\" \/>\n<script type=\"application\/ld+json\" class=\"yoast-schema-graph\">{\"@context\":\"https:\/\/schema.org\",\"@graph\":[{\"@type\":\"WebPage\",\"@id\":\"https:\/\/rastimozajedno.tv\/ziri-evropskog-festivala-televizijskog-stvaralastva-za-decu-rastimo-zajedno\/\",\"url\":\"https:\/\/rastimozajedno.tv\/ziri-evropskog-festivala-televizijskog-stvaralastva-za-decu-rastimo-zajedno\/\",\"name\":\"\u017diri evropskog festivala televizijskog stvarala\u0161tva za decu RASTIMO ZAJEDNO - Rastimo zajedno\",\"isPartOf\":{\"@id\":\"https:\/\/rastimozajedno.tv\/#website\"},\"primaryImageOfPage\":{\"@id\":\"https:\/\/rastimozajedno.tv\/ziri-evropskog-festivala-televizijskog-stvaralastva-za-decu-rastimo-zajedno\/#primaryimage\"},\"image\":{\"@id\":\"https:\/\/rastimozajedno.tv\/ziri-evropskog-festivala-televizijskog-stvaralastva-za-decu-rastimo-zajedno\/#primaryimage\"},\"thumbnailUrl\":\"https:\/\/rastimozajedno.tv\/wp-content\/uploads\/2023\/06\/rastimo-zajedno.png\",\"datePublished\":\"2023-11-24T16:41:56+00:00\",\"dateModified\":\"2025-01-30T19:14:39+00:00\",\"author\":{\"@id\":\"https:\/\/rastimozajedno.tv\/#\/schema\/person\/917ae173008ee1a1087a2c40002497f1\"},\"breadcrumb\":{\"@id\":\"https:\/\/rastimozajedno.tv\/ziri-evropskog-festivala-televizijskog-stvaralastva-za-decu-rastimo-zajedno\/#breadcrumb\"},\"inLanguage\":\"en-US\",\"potentialAction\":[{\"@type\":\"ReadAction\",\"target\":[\"https:\/\/rastimozajedno.tv\/ziri-evropskog-festivala-televizijskog-stvaralastva-za-decu-rastimo-zajedno\/\"]}]},{\"@type\":\"ImageObject\",\"inLanguage\":\"en-US\",\"@id\":\"https:\/\/rastimozajedno.tv\/ziri-evropskog-festivala-televizijskog-stvaralastva-za-decu-rastimo-zajedno\/#primaryimage\",\"url\":\"https:\/\/rastimozajedno.tv\/wp-content\/uploads\/2023\/06\/rastimo-zajedno.png\",\"contentUrl\":\"https:\/\/rastimozajedno.tv\/wp-content\/uploads\/2023\/06\/rastimo-zajedno.png\",\"width\":343,\"height\":167},{\"@type\":\"BreadcrumbList\",\"@id\":\"https:\/\/rastimozajedno.tv\/ziri-evropskog-festivala-televizijskog-stvaralastva-za-decu-rastimo-zajedno\/#breadcrumb\",\"itemListElement\":[{\"@type\":\"ListItem\",\"position\":1,\"name\":\"Home\",\"item\":\"https:\/\/rastimozajedno.tv\/\"},{\"@type\":\"ListItem\",\"position\":2,\"name\":\"\u017diri evropskog festivala televizijskog stvarala\u0161tva za decu RASTIMO ZAJEDNO\"}]},{\"@type\":\"WebSite\",\"@id\":\"https:\/\/rastimozajedno.tv\/#website\",\"url\":\"https:\/\/rastimozajedno.tv\/\",\"name\":\"Rastimo zajedno\",\"description\":\"Evropski festival televizijskog stvarala\u0161tva za decu\",\"potentialAction\":[{\"@type\":\"SearchAction\",\"target\":{\"@type\":\"EntryPoint\",\"urlTemplate\":\"https:\/\/rastimozajedno.tv\/?s={search_term_string}\"},\"query-input\":{\"@type\":\"PropertyValueSpecification\",\"valueRequired\":true,\"valueName\":\"search_term_string\"}}],\"inLanguage\":\"en-US\"},{\"@type\":\"Person\",\"@id\":\"https:\/\/rastimozajedno.tv\/#\/schema\/person\/917ae173008ee1a1087a2c40002497f1\",\"name\":\"webiteRocks\",\"image\":{\"@type\":\"ImageObject\",\"inLanguage\":\"en-US\",\"@id\":\"https:\/\/rastimozajedno.tv\/#\/schema\/person\/image\/\",\"url\":\"https:\/\/secure.gravatar.com\/avatar\/3c00a579c6169502164b65946b904861ab406539cb0e23397bdddfcdb9aca7ce?s=96&d=mm&r=g\",\"contentUrl\":\"https:\/\/secure.gravatar.com\/avatar\/3c00a579c6169502164b65946b904861ab406539cb0e23397bdddfcdb9aca7ce?s=96&d=mm&r=g\",\"caption\":\"webiteRocks\"},\"sameAs\":[\"https:\/\/rastimozajedno.webite.us\"],\"url\":\"https:\/\/rastimozajedno.tv\/en\/author\/webiterocks\/\"}]}<\/script>\n<!-- \/ Yoast SEO plugin. -->","yoast_head_json":{"title":"\u017diri evropskog festivala televizijskog stvarala\u0161tva za decu RASTIMO ZAJEDNO - Rastimo zajedno","robots":{"index":"index","follow":"follow","max-snippet":"max-snippet:-1","max-image-preview":"max-image-preview:large","max-video-preview":"max-video-preview:-1"},"canonical":"https:\/\/rastimozajedno.tv\/en\/ziri-evropskog-festivala-televizijskog-stvaralastva-za-decu-rastimo-zajedno\/","og_locale":"en_US","og_type":"article","og_title":"\u017diri evropskog festivala televizijskog stvarala\u0161tva za decu RASTIMO ZAJEDNO - Rastimo zajedno","og_url":"https:\/\/rastimozajedno.tv\/en\/ziri-evropskog-festivala-televizijskog-stvaralastva-za-decu-rastimo-zajedno\/","og_site_name":"Rastimo zajedno","article_published_time":"2023-11-24T16:41:56+00:00","article_modified_time":"2025-01-30T19:14:39+00:00","og_image":[{"width":343,"height":167,"url":"https:\/\/rastimozajedno.tv\/wp-content\/uploads\/2023\/06\/rastimo-zajedno.png","type":"image\/png"}],"author":"webiteRocks","twitter_card":"summary_large_image","twitter_misc":{"Written by":"webiteRocks","Est. reading time":"1 minute"},"schema":{"@context":"https:\/\/schema.org","@graph":[{"@type":"WebPage","@id":"https:\/\/rastimozajedno.tv\/ziri-evropskog-festivala-televizijskog-stvaralastva-za-decu-rastimo-zajedno\/","url":"https:\/\/rastimozajedno.tv\/ziri-evropskog-festivala-televizijskog-stvaralastva-za-decu-rastimo-zajedno\/","name":"\u017diri evropskog festivala televizijskog stvarala\u0161tva za decu RASTIMO ZAJEDNO - Rastimo zajedno","isPartOf":{"@id":"https:\/\/rastimozajedno.tv\/#website"},"primaryImageOfPage":{"@id":"https:\/\/rastimozajedno.tv\/ziri-evropskog-festivala-televizijskog-stvaralastva-za-decu-rastimo-zajedno\/#primaryimage"},"image":{"@id":"https:\/\/rastimozajedno.tv\/ziri-evropskog-festivala-televizijskog-stvaralastva-za-decu-rastimo-zajedno\/#primaryimage"},"thumbnailUrl":"https:\/\/rastimozajedno.tv\/wp-content\/uploads\/2023\/06\/rastimo-zajedno.png","datePublished":"2023-11-24T16:41:56+00:00","dateModified":"2025-01-30T19:14:39+00:00","author":{"@id":"https:\/\/rastimozajedno.tv\/#\/schema\/person\/917ae173008ee1a1087a2c40002497f1"},"breadcrumb":{"@id":"https:\/\/rastimozajedno.tv\/ziri-evropskog-festivala-televizijskog-stvaralastva-za-decu-rastimo-zajedno\/#breadcrumb"},"inLanguage":"en-US","potentialAction":[{"@type":"ReadAction","target":["https:\/\/rastimozajedno.tv\/ziri-evropskog-festivala-televizijskog-stvaralastva-za-decu-rastimo-zajedno\/"]}]},{"@type":"ImageObject","inLanguage":"en-US","@id":"https:\/\/rastimozajedno.tv\/ziri-evropskog-festivala-televizijskog-stvaralastva-za-decu-rastimo-zajedno\/#primaryimage","url":"https:\/\/rastimozajedno.tv\/wp-content\/uploads\/2023\/06\/rastimo-zajedno.png","contentUrl":"https:\/\/rastimozajedno.tv\/wp-content\/uploads\/2023\/06\/rastimo-zajedno.png","width":343,"height":167},{"@type":"BreadcrumbList","@id":"https:\/\/rastimozajedno.tv\/ziri-evropskog-festivala-televizijskog-stvaralastva-za-decu-rastimo-zajedno\/#breadcrumb","itemListElement":[{"@type":"ListItem","position":1,"name":"Home","item":"https:\/\/rastimozajedno.tv\/"},{"@type":"ListItem","position":2,"name":"\u017diri evropskog festivala televizijskog stvarala\u0161tva za decu RASTIMO ZAJEDNO"}]},{"@type":"WebSite","@id":"https:\/\/rastimozajedno.tv\/#website","url":"https:\/\/rastimozajedno.tv\/","name":"Rastimo zajedno","description":"Evropski festival televizijskog stvarala\u0161tva za decu","potentialAction":[{"@type":"SearchAction","target":{"@type":"EntryPoint","urlTemplate":"https:\/\/rastimozajedno.tv\/?s={search_term_string}"},"query-input":{"@type":"PropertyValueSpecification","valueRequired":true,"valueName":"search_term_string"}}],"inLanguage":"en-US"},{"@type":"Person","@id":"https:\/\/rastimozajedno.tv\/#\/schema\/person\/917ae173008ee1a1087a2c40002497f1","name":"webiteRocks","image":{"@type":"ImageObject","inLanguage":"en-US","@id":"https:\/\/rastimozajedno.tv\/#\/schema\/person\/image\/","url":"https:\/\/secure.gravatar.com\/avatar\/3c00a579c6169502164b65946b904861ab406539cb0e23397bdddfcdb9aca7ce?s=96&d=mm&r=g","contentUrl":"https:\/\/secure.gravatar.com\/avatar\/3c00a579c6169502164b65946b904861ab406539cb0e23397bdddfcdb9aca7ce?s=96&d=mm&r=g","caption":"webiteRocks"},"sameAs":["https:\/\/rastimozajedno.webite.us"],"url":"https:\/\/rastimozajedno.tv\/en\/author\/webiterocks\/"}]}},"_links":{"self":[{"href":"https:\/\/rastimozajedno.tv\/en\/wp-json\/wp\/v2\/posts\/995","targetHints":{"allow":["GET"]}}],"collection":[{"href":"https:\/\/rastimozajedno.tv\/en\/wp-json\/wp\/v2\/posts"}],"about":[{"href":"https:\/\/rastimozajedno.tv\/en\/wp-json\/wp\/v2\/types\/post"}],"author":[{"embeddable":true,"href":"https:\/\/rastimozajedno.tv\/en\/wp-json\/wp\/v2\/users\/1"}],"replies":[{"embeddable":true,"href":"https:\/\/rastimozajedno.tv\/en\/wp-json\/wp\/v2\/comments?post=995"}],"version-history":[{"count":33,"href":"https:\/\/rastimozajedno.tv\/en\/wp-json\/wp\/v2\/posts\/995\/revisions"}],"predecessor-version":[{"id":1591,"href":"https:\/\/rastimozajedno.tv\/en\/wp-json\/wp\/v2\/posts\/995\/revisions\/1591"}],"wp:featuredmedia":[{"embeddable":true,"href":"https:\/\/rastimozajedno.tv\/en\/wp-json\/wp\/v2\/media\/87"}],"wp:attachment":[{"href":"https:\/\/rastimozajedno.tv\/en\/wp-json\/wp\/v2\/media?parent=995"}],"wp:term":[{"taxonomy":"category","embeddable":true,"href":"https:\/\/rastimozajedno.tv\/en\/wp-json\/wp\/v2\/categories?post=995"},{"taxonomy":"post_tag","embeddable":true,"href":"https:\/\/rastimozajedno.tv\/en\/wp-json\/wp\/v2\/tags?post=995"}],"curies":[{"name":"wp","href":"https:\/\/api.w.org\/{rel}","templated":true}]}}